{"id":4247,"date":"2025-08-31T12:45:04","date_gmt":"2025-08-31T10:45:04","guid":{"rendered":"https:\/\/www.debragaasantiago.com\/geira-arrieiros\/?p=4247"},"modified":"2025-08-31T12:45:40","modified_gmt":"2025-08-31T10:45:40","slug":"los-fuegos-no-frenan-a-los-peregrinos-da-geira","status":"publish","type":"post","link":"https:\/\/www.debragaasantiago.com\/geira-arrieiros\/los-fuegos-no-frenan-a-los-peregrinos-da-geira\/","title":{"rendered":"Los fuegos no frenan a los peregrinos da Geira"},"content":{"rendered":"\n<p>Un total de 8 peregrinos de Barcelona y de Portugal completaron esta semana el Cami\u00f1o da Geira, una ruta que estas semanas estuvo amenazada por los incendios forestales, pero que pudieron finalizar sin incidentes gracias a la ayuda de las autoridades.<\/p>\n\n\n\n<div class=\"wp-block-uagb-image uagb-block-ac6943a8 wp-block-uagb-image--layout-default wp-block-uagb-image--effect-static wp-block-uagb-image--align-none\"><figure class=\"wp-block-uagb-image__figure\"><img decoding=\"async\" srcset=\"https:\/\/www.debragaasantiago.com\/geira-arrieiros\/alquiler\/peregrinos-caminho-geira-2025-08-sixto.webp ,https:\/\/www.debragaasantiago.com\/geira-arrieiros\/alquiler\/peregrinos-caminho-geira-2025-08-sixto.webp 780w, https:\/\/www.debragaasantiago.com\/geira-arrieiros\/alquiler\/peregrinos-caminho-geira-2025-08-sixto.webp 360w\" sizes=\"auto, (max-width: 480px) 150px\" src=\"https:\/\/www.debragaasantiago.com\/geira-arrieiros\/alquiler\/peregrinos-caminho-geira-2025-08-sixto.webp\" alt=\"\" class=\"uag-image-4248\" width=\"880\" height=\"495\" title=\"peregrinos-caminho-geira-2025-08-sixto\" loading=\"lazy\" role=\"img\"\/><\/figure><\/div>\n\n\n\n<p><strong>El Cami\u00f1o da Geira e dos Arrieiros, una ruta joven pero a la vez exigente, sum\u00f3 esta semana una historia marcada por la superaci\u00f3n y la incertidumbre. Pierina Comenge, natural de Barcelona y con una d\u00e9cada de experiencia en distintas rutas jacobeas, recorri\u00f3 junto a tres amigas catalanas y cuatro compa\u00f1eros portugueses los casi 240 kil\u00f3metros que separan Braga de Compostela.<\/strong>&nbsp;Su testimonio refleja la dureza de un camino todav\u00eda poco transitado y el temor a\u00f1adido por los incendios que asolarongran parte de Ourense, Pontevedra y el norte de Portugal durante esas fechas.<\/p>\n\n\n\n<p><strong>\u00abSalimos el 19 de julio desde Braga. Al inicio ten\u00edamos cierta inquietud porque nos llegaban noticias de los incendios en Galicia, pero por suerte no tuvimos que desviarnos ni dejar ninguna etapa sin hacer\u00bb<\/strong>, explica Comenge. A diferencia de otros grupos de peregrinos que se vieron obligados a recurrir a taxis en zonas cortadas por el fuego, ella y sus compa\u00f1eras pudieron completar el itinerario previsto sin incidentes.<\/p>\n\n\n\n<p>El grupo, formado por cuatro mujeres de Barcelona y cuatro peregrinos portugueses con los que coincidieron en la ruta, optaron por ampliar a once d\u00edas la planificaci\u00f3n inicial: \u00abLa etapa de Beariz fue dur\u00edsima por lo que decidimos partir la siguiente en dos para no forzar tanto\u00bb, recuerda la barcelonesa.<\/p>\n\n\n\n<p><strong>A lo largo del recorrido, se fotografiaron en puntos reconocidos, como el famoso bar de Codeseda, las esculturas de madera de Pardesoa o la oficina de turismo de la Casa das Letras de A Estrada.<\/strong>&nbsp;\u00abNos hab\u00edan dicho que normalmente pasan casi 1000 peregrinos al a\u00f1o, pero apenas nos cruzamos con una decena de personas. Es muy bonito, pero m\u00e1s duro y menos conocido que otros\u00bb, admiti\u00f3 ella.<\/p>\n\n\n\n<p><strong>El miedo a los incendios<\/strong><\/p>\n\n\n\n<p>Aunque nunca estuvieron en peligro directo, los incendios tambi\u00e9n marcaron su experiencia.&nbsp;<strong>\u00abEn algunas etapas vimos humo y pasamos junto a bosques quemados. Incluso pensamos en llamar a un taxi porque temimos que el fuego estuviera demasiado cerca, pero nos tranquilizaron diciendo que la zona era segura\u00bb<\/strong>, relata. Durante el trayecto observaron hidroaviones y brigadas de bomberos trabajando sin descanso. \u00abLa informaci\u00f3n que nos llegaba era constante, y eso nos ayud\u00f3 a seguir adelante sin perder la calma\u00bb, a\u00f1ade.<\/p>\n\n\n\n<p>Desde Barcelona, antes de iniciar el camino, segu\u00edan las noticias de Galicia con preocupaci\u00f3n. \u00abPens\u00e1bamos que quiz\u00e1 nos ver\u00edamos obligadas a abandonar, pero finalmente no fue as\u00ed. Nuestro objetivo era hacerlo de principio a fin, y lo conseguimos\u00bb, afirma orgullosa.<\/p>\n\n\n\n<p><strong>De cara al futuro, Pierina ya piensa en conocer nuevas rutas: \u00abEl Cami\u00f1o de Ignacio Taverneiro lo descubrimos este a\u00f1o y quiz\u00e1 nos animemos con \u00e9l en pr\u00f3ximas ocasiones<\/strong>. Probablemente repetiremos en verano, que es cuando tenemos vacaciones, aunque este a\u00f1o hemos sufrido un poco con el calor, pero sobre todo esperamos que no haya incendios\u00bb.<\/p>\n\n\n\n<figure class=\"wp-block-image size-full\"><img loading=\"lazy\" decoding=\"async\" width=\"880\" height=\"495\" src=\"https:\/\/www.debragaasantiago.com\/geira-arrieiros\/alquiler\/peregrinos-caminho-geira-2025-08-santiago.webp\" alt=\"\" class=\"wp-image-4249\" srcset=\"https:\/\/www.debragaasantiago.com\/geira-arrieiros\/alquiler\/peregrinos-caminho-geira-2025-08-santiago.webp 880w, https:\/\/www.debragaasantiago.com\/geira-arrieiros\/alquiler\/peregrinos-caminho-geira-2025-08-santiago-300x169.webp 300w, https:\/\/www.debragaasantiago.com\/geira-arrieiros\/alquiler\/peregrinos-caminho-geira-2025-08-santiago-768x432.webp 768w, https:\/\/www.debragaasantiago.com\/geira-arrieiros\/alquiler\/peregrinos-caminho-geira-2025-08-santiago-420x236.webp 420w\" sizes=\"auto, (max-width: 880px) 100vw, 880px\" \/><\/figure>\n\n\n\n<p><strong><a href=\"https:\/\/www.farodevigo.es\/deza-tabeiros-montes\/2025\/08\/31\/fuegos-frenan-peregrinos-da-geira-121084463.html\" target=\"_blank\" rel=\"noreferrer noopener\">Faro de Vigo<\/a><\/strong>\u00a0<\/p>\n","protected":false},"excerpt":{"rendered":"<p>Un total de 8 peregrinos de Barcelona y de Portugal completaron esta semana el Cami\u00f1o da Geira, una ruta que estas semanas estuvo amenazada por los incendios forestales, pero que pudieron finalizar sin incidentes gracias a la ayuda de las autoridades. El Cami\u00f1o da Geira e dos Arrieiros, una ruta joven pero a la vez exigente, sum\u00f3 esta semana una historia marcada por la superaci\u00f3n y la incertidumbre. Pierina Comenge, natural de Barcelona y con una d\u00e9cada de experiencia en distintas rutas jacobeas, recorri\u00f3 junto <span class=\"more-link\"><a href=\"https:\/\/www.debragaasantiago.com\/geira-arrieiros\/los-fuegos-no-frenan-a-los-peregrinos-da-geira\/\" rel=\"nofollow\">Read More<\/a><\/span><\/p>\n","protected":false},"author":1,"featured_media":4248,"comment_status":"closed","ping_status":"open","sticky":false,"template":"","format":"standard","meta":{"_uag_custom_page_level_css":"","_genesis_hide_title":false,"_genesis_hide_breadcrumbs":false,"_genesis_hide_singular_image":false,"_genesis_hide_footer_widgets":false,"_genesis_custom_body_class":"","_genesis_custom_post_class":"","_genesis_layout":"","footnotes":""},"categories":[1,30,27],"tags":[],"class_list":{"0":"post-4247","1":"post","2":"type-post","3":"status-publish","4":"format-standard","5":"has-post-thumbnail","7":"category-peregrinos-camino-xacobeo-geira-romana-arrieiros","8":"category-novedades-2025","9":"category-prensa-e-publicacions","10":"entry"},"uagb_featured_image_src":{"full":["https:\/\/www.debragaasantiago.com\/geira-arrieiros\/alquiler\/peregrinos-caminho-geira-2025-08-sixto.webp",880,495,false],"thumbnail":["https:\/\/www.debragaasantiago.com\/geira-arrieiros\/alquiler\/peregrinos-caminho-geira-2025-08-sixto-150x150.webp",150,150,true],"medium":["https:\/\/www.debragaasantiago.com\/geira-arrieiros\/alquiler\/peregrinos-caminho-geira-2025-08-sixto-300x169.webp",300,169,true],"medium_large":["https:\/\/www.debragaasantiago.com\/geira-arrieiros\/alquiler\/peregrinos-caminho-geira-2025-08-sixto-768x432.webp",768,432,true],"large":["https:\/\/www.debragaasantiago.com\/geira-arrieiros\/alquiler\/peregrinos-caminho-geira-2025-08-sixto.webp",880,495,false],"1536x1536":["https:\/\/www.debragaasantiago.com\/geira-arrieiros\/alquiler\/peregrinos-caminho-geira-2025-08-sixto.webp",880,495,false],"2048x2048":["https:\/\/www.debragaasantiago.com\/geira-arrieiros\/alquiler\/peregrinos-caminho-geira-2025-08-sixto.webp",880,495,false],"Blog Thumbnail":["https:\/\/www.debragaasantiago.com\/geira-arrieiros\/alquiler\/peregrinos-caminho-geira-2025-08-sixto-198x198.webp",198,198,true],"store":["https:\/\/www.debragaasantiago.com\/geira-arrieiros\/alquiler\/peregrinos-caminho-geira-2025-08-sixto-420x236.webp",420,236,true]},"uagb_author_info":{"display_name":"Pilgrim","author_link":"https:\/\/www.debragaasantiago.com\/geira-arrieiros\/author\/gral\/"},"uagb_comment_info":0,"uagb_excerpt":"Un total de 8 peregrinos de Barcelona y de Portugal completaron esta semana el Cami\u00f1o da Geira, una ruta que estas semanas estuvo amenazada por los incendios forestales, pero que pudieron finalizar sin incidentes gracias a la ayuda de las autoridades. El Cami\u00f1o da Geira e dos Arrieiros, una ruta joven pero a la vez&hellip;","_links":{"self":[{"href":"https:\/\/www.debragaasantiago.com\/geira-arrieiros\/wp-json\/wp\/v2\/posts\/4247","targetHints":{"allow":["GET"]}}],"collection":[{"href":"https:\/\/www.debragaasantiago.com\/geira-arrieiros\/wp-json\/wp\/v2\/posts"}],"about":[{"href":"https:\/\/www.debragaasantiago.com\/geira-arrieiros\/wp-json\/wp\/v2\/types\/post"}],"author":[{"embeddable":true,"href":"https:\/\/www.debragaasantiago.com\/geira-arrieiros\/wp-json\/wp\/v2\/users\/1"}],"replies":[{"embeddable":true,"href":"https:\/\/www.debragaasantiago.com\/geira-arrieiros\/wp-json\/wp\/v2\/comments?post=4247"}],"version-history":[{"count":1,"href":"https:\/\/www.debragaasantiago.com\/geira-arrieiros\/wp-json\/wp\/v2\/posts\/4247\/revisions"}],"predecessor-version":[{"id":4250,"href":"https:\/\/www.debragaasantiago.com\/geira-arrieiros\/wp-json\/wp\/v2\/posts\/4247\/revisions\/4250"}],"wp:featuredmedia":[{"embeddable":true,"href":"https:\/\/www.debragaasantiago.com\/geira-arrieiros\/wp-json\/wp\/v2\/media\/4248"}],"wp:attachment":[{"href":"https:\/\/www.debragaasantiago.com\/geira-arrieiros\/wp-json\/wp\/v2\/media?parent=4247"}],"wp:term":[{"taxonomy":"category","embeddable":true,"href":"https:\/\/www.debragaasantiago.com\/geira-arrieiros\/wp-json\/wp\/v2\/categories?post=4247"},{"taxonomy":"post_tag","embeddable":true,"href":"https:\/\/www.debragaasantiago.com\/geira-arrieiros\/wp-json\/wp\/v2\/tags?post=4247"}],"curies":[{"name":"wp","href":"https:\/\/api.w.org\/{rel}","templated":true}]}}