{"id":4189,"date":"2025-04-10T19:40:24","date_gmt":"2025-04-10T17:40:24","guid":{"rendered":"https:\/\/www.debragaasantiago.com\/geira-arrieiros\/?p=4189"},"modified":"2025-04-14T19:43:20","modified_gmt":"2025-04-14T17:43:20","slug":"autarca-galego-elogia-recuperacao-do-caminho-da-geira","status":"publish","type":"post","link":"https:\/\/www.debragaasantiago.com\/geira-arrieiros\/autarca-galego-elogia-recuperacao-do-caminho-da-geira\/","title":{"rendered":"Autarca galego elogia recupera\u00e7\u00e3o do Caminho da Geira"},"content":{"rendered":"\n<p>O presidente da c\u00e2mara municipal galega de A Estrada destacou, durante a entrega dos Pr\u00e9mios Abadesa Mariana, a import\u00e2ncia patrimonial do <strong>Caminho da Geira e dos Arrieiros (CGA)<\/strong> e da liga\u00e7\u00e3o que estabelece entre <strong>Braga <\/strong>e <strong>Santiago de Compostela<\/strong>, enquanto rota de cultura e de peregrina\u00e7\u00e3o.<\/p>\n\n\n\n<!--more-->\n\n\n<div class=\"wp-block-image\">\n<figure class=\"aligncenter size-full\"><img loading=\"lazy\" decoding=\"async\" width=\"700\" height=\"374\" src=\"https:\/\/www.debragaasantiago.com\/geira-arrieiros\/alquiler\/PREMIOS-ABADESA-2025-00-700x374-1.jpg\" alt=\"\" class=\"wp-image-4190\" srcset=\"https:\/\/www.debragaasantiago.com\/geira-arrieiros\/alquiler\/PREMIOS-ABADESA-2025-00-700x374-1.jpg 700w, https:\/\/www.debragaasantiago.com\/geira-arrieiros\/alquiler\/PREMIOS-ABADESA-2025-00-700x374-1-300x160.jpg 300w, https:\/\/www.debragaasantiago.com\/geira-arrieiros\/alquiler\/PREMIOS-ABADESA-2025-00-700x374-1-420x224.jpg 420w\" sizes=\"auto, (max-width: 700px) 100vw, 700px\" \/><\/figure>\n<\/div>\n\n\n<p>No tempo que leva, desde a apresenta\u00e7\u00e3o em abril de 2017, o CGA tem motivado \u201c<em>a recupera\u00e7\u00e3o de muito patrim\u00f3nio e hist\u00f3ria que <strong>unem <\/strong>Braga, uma das capitais culturais a n\u00edvel europeu, e uma das grandes capitais de peregrina\u00e7\u00e3o, Santiago de Compostela<\/em>\u201d, referiu Gonzalo Louzao, no s\u00e1bado, dia 5, na entrega dos pr\u00e9mios, no Museu do M\u00f3vel e da Madeira, em A Estrada, na Galiza.<\/p>\n\n\n\n<p>Para o autarca, \u201c<em>esta via seguramente que jamais se recuperaria<\/em>\u201d sem o trabalho de associa\u00e7\u00f5es como a <strong>Codeseda Viva <\/strong>\u2013 que promove os pr\u00e9mios \u2013 e \u201c<em>de muita gente<\/em>\u201d, pelo que foi feito nos munic\u00edpios que unem Portugal e Galiza, \u201c<em>a n\u00edvel da preserva\u00e7\u00e3o da hist\u00f3ria, cultura, tradi\u00e7\u00f5es e tamb\u00e9m da preserva\u00e7\u00e3o de uma via tur\u00edstica t\u00e3o importante como \u00e9 o CGA<\/em>\u201d.<\/p>\n\n\n\n<p>Na perspetiva de Gonzalo Louzao, o trabalho dos peregrinos e outros volunt\u00e1rios faz com que \u201c<em>a sociedade civil e as administra\u00e7\u00f5es p\u00fablicas tamb\u00e9m se envolvam, para que se consigam os resultados que fazem do CGA um caminho de primeir\u00edssimo n\u00edvel, o mais cuidado poss\u00edvel, para que seja uma refer\u00eancia a seguir e uma das principais fontes municipais a n\u00edvel cultural, econ\u00f3mico e tur\u00edstico<\/em>\u201d.<br>A sexta edi\u00e7\u00e3o dos <strong>Pr\u00e9mios Abadesa Mariana<\/strong> distinguiu o escritor e peregrino portugu\u00eas <strong>Lu\u00eds Ferreira<\/strong>, pela obra dedicada ao Caminho de Santiago; a <strong>Associa\u00e7\u00e3o Fervenza de Ouzande<\/strong>, da Galiza, pelos 25 anos a divulgar o patrim\u00f3nio natural e cultural; e a hoteleira <strong>Maricarmen Gaspar<\/strong>, do Bar Pub Caminho da Geira, pelo apoio e dedica\u00e7\u00e3o aos peregrinos que passam por Codeseda.<\/p>\n\n\n\n<p>\u201c<em>Este pr\u00e9mio reflete o trabalho de 13 anos a escrever livros sobre o Caminho de Santiago, muitas horas a dar informa\u00e7\u00f5es aos peregrinos e a falar de norte a sul de Portugal, desde novembro em particular do CGA<\/em>\u201d, disse Lu\u00eds Ferreira, autor de \u201c<strong><em>Um Caminho que o tempo n\u00e3o apagou<\/em><\/strong>\u201d, ap\u00f3s receber o Pr\u00e9mio Abadesa Mariana 2025.<br>O escritor destacou ainda que a atribui\u00e7\u00e3o do pr\u00e9mio s\u00f3 aconteceu porque, antes de fazer o CGA, \u201c<em>houve pessoas que se dedicaram ao caminho, que fizeram o levantamento da sua hist\u00f3ria e o sinalizaram<\/em>\u201d, pelo que o trof\u00e9u que levou para casa \u201c\u00e9 a imagem de todos aqueles que trabalham no<br>CGA, associa\u00e7\u00f5es, munic\u00edpios e volunt\u00e1rios\u201d.<\/p>\n\n\n\n<p>Antes da entrega dos pr\u00e9mios, houve seis apresenta\u00e7\u00f5es sobre temas relacionados com o Caminho de Santiago. O peregrino veterano <strong>Manuel Rocha<\/strong>, Irm\u00e3o Maior da Arquiconfraria Universal do Ap\u00f3stolo Santiago, falou sobre o \u201cCaminho Portugu\u00eas da Costa \u2013 Uma peregrina\u00e7\u00e3o aberta ao mar\u201d; o presidente da Associa\u00e7\u00e3o de Amigos do Caminho Portugu\u00eas, <strong>Celestino Lores<\/strong>, interveio sobre \u201cO Caminho Portugu\u00eas \u2013 Ultrapassando todas as expetativas\u201d; e <strong>Carlos Fern\u00e1ndez Coto<\/strong>, presidente da Associa\u00e7\u00e3o para a Defesa do Patrim\u00f3nio Cultural Galego, falou sobre o \u201cPatrim\u00f3nio que une Portugal e Galiza\u201d.<\/p>\n\n\n\n<p>Por seu lado, <strong>Andr\u00e9s Sampedro<\/strong>, investigador do patrim\u00f3nio de Ponteareas, abordou \u201cA Rota de Ignacio Taverneiro \u2013 Uma hist\u00f3ria com muito por descobrir\u201d; Daniel Antelo, da <strong>Associa\u00e7\u00e3o Peregrinos Dezae<\/strong>, falou sobre \u201cOs caminhos de Inverno e Sanabr\u00e9s \u2013 Caminhando pela comarca do Deza\u201d; e<strong> Lu\u00eds Ferreira<\/strong> explicou \u201cO CGA nas letras de um escritor\u201d.<\/p>\n\n\n\n<p>O Caminho da Geira e dos Arrieiros estende-se por 239 quil\u00f3metros, inicia-se na S\u00e9 de Braga e atravessa os munic\u00edpios de Amares, Terras de Bouro e Melga\u00e7o, entrando na Galiza pela Portela do Homem. Nos \u00faltimos oito anos, foi percorrido por mais de cinco mil peregrinos, principalmente de<br>Portugal e Espanha, mas tamb\u00e9m de outros 16 pa\u00edses europeus e de na\u00e7\u00f5es t\u00e3o diversas como Afeganist\u00e3o, Aruba, Austr\u00e1lia, Azerbaij\u00e3o, Bahamas, Belize, Brasil, China, Col\u00f4mbia, EUA, Jap\u00e3o, M\u00e9xico, Palestina e Uruguai.<\/p>\n\n\n\n<p>Apresentado em 2017 na Galiza e em Braga, foi reconhecido pela Igreja em 2019 e em publica\u00e7\u00f5es da associa\u00e7\u00e3o de munic\u00edpios transfronteiri\u00e7os Eixo Atl\u00e2ntico (2020) e do Turismo do Porto e Norte de Portugal (2021).<br \/>O percurso destaca-se por incluir patrim\u00f3nios \u00fanicos no mundo: a Geira, a via mais bem preservada do antigo imp\u00e9rio romano ocidental, e a Reserva da Biosfera Transfronteiri\u00e7a Ger\u00eas-Xur\u00e9s. Al\u00e9m disso, o seu tra\u00e7ado \u00e9 um dos raros cinco que ligam diretamente \u00e0 Catedral de Santiago de Compostela.<\/p>\n<p><strong>https:\/\/vmtv.sapo.pt\/autarca-galego-elogia-recuperacao-do-caminho-da-geira\/<\/strong><\/p>\n\n\n\n<p>https:\/\/www.penedagerestv.com\/post\/caminho-da-geira-e-dos-arrieiros-destacado-nos-pr%C3%A9mios-abadesa-mariana<\/p>\n","protected":false},"excerpt":{"rendered":"<p>O presidente da c\u00e2mara municipal galega de A Estrada destacou, durante a entrega dos Pr\u00e9mios Abadesa Mariana, a import\u00e2ncia patrimonial do Caminho da Geira e dos Arrieiros (CGA) e da liga\u00e7\u00e3o que estabelece entre Braga e Santiago de Compostela, enquanto rota de cultura e de peregrina\u00e7\u00e3o.<\/p>\n","protected":false},"author":1,"featured_media":4190,"comment_status":"closed","ping_status":"open","sticky":false,"template":"","format":"standard","meta":{"_uag_custom_page_level_css":"","_genesis_hide_title":false,"_genesis_hide_breadcrumbs":false,"_genesis_hide_singular_image":false,"_genesis_hide_footer_widgets":false,"_genesis_custom_body_class":"","_genesis_custom_post_class":"","_genesis_layout":"","footnotes":""},"categories":[1,30,29,27],"tags":[],"class_list":{"0":"post-4189","1":"post","2":"type-post","3":"status-publish","4":"format-standard","5":"has-post-thumbnail","7":"category-peregrinos-camino-xacobeo-geira-romana-arrieiros","8":"category-novedades-2025","9":"category-asociacions-e-colaboradores","10":"category-prensa-e-publicacions","11":"entry"},"uagb_featured_image_src":{"full":["https:\/\/www.debragaasantiago.com\/geira-arrieiros\/alquiler\/PREMIOS-ABADESA-2025-00-700x374-1.jpg",700,374,false],"thumbnail":["https:\/\/www.debragaasantiago.com\/geira-arrieiros\/alquiler\/PREMIOS-ABADESA-2025-00-700x374-1-150x150.jpg",150,150,true],"medium":["https:\/\/www.debragaasantiago.com\/geira-arrieiros\/alquiler\/PREMIOS-ABADESA-2025-00-700x374-1-300x160.jpg",300,160,true],"medium_large":["https:\/\/www.debragaasantiago.com\/geira-arrieiros\/alquiler\/PREMIOS-ABADESA-2025-00-700x374-1.jpg",700,374,false],"large":["https:\/\/www.debragaasantiago.com\/geira-arrieiros\/alquiler\/PREMIOS-ABADESA-2025-00-700x374-1.jpg",700,374,false],"1536x1536":["https:\/\/www.debragaasantiago.com\/geira-arrieiros\/alquiler\/PREMIOS-ABADESA-2025-00-700x374-1.jpg",700,374,false],"2048x2048":["https:\/\/www.debragaasantiago.com\/geira-arrieiros\/alquiler\/PREMIOS-ABADESA-2025-00-700x374-1.jpg",700,374,false],"Blog Thumbnail":["https:\/\/www.debragaasantiago.com\/geira-arrieiros\/alquiler\/PREMIOS-ABADESA-2025-00-700x374-1-198x198.jpg",198,198,true],"store":["https:\/\/www.debragaasantiago.com\/geira-arrieiros\/alquiler\/PREMIOS-ABADESA-2025-00-700x374-1-420x224.jpg",420,224,true]},"uagb_author_info":{"display_name":"Pilgrim","author_link":"https:\/\/www.debragaasantiago.com\/geira-arrieiros\/author\/gral\/"},"uagb_comment_info":0,"uagb_excerpt":"O presidente da c\u00e2mara municipal galega de A Estrada destacou, durante a entrega dos Pr\u00e9mios Abadesa Mariana, a import\u00e2ncia patrimonial do Caminho da Geira e dos Arrieiros (CGA) e da liga\u00e7\u00e3o que estabelece entre Braga e Santiago de Compostela, enquanto rota de cultura e de peregrina\u00e7\u00e3o.","_links":{"self":[{"href":"https:\/\/www.debragaasantiago.com\/geira-arrieiros\/wp-json\/wp\/v2\/posts\/4189","targetHints":{"allow":["GET"]}}],"collection":[{"href":"https:\/\/www.debragaasantiago.com\/geira-arrieiros\/wp-json\/wp\/v2\/posts"}],"about":[{"href":"https:\/\/www.debragaasantiago.com\/geira-arrieiros\/wp-json\/wp\/v2\/types\/post"}],"author":[{"embeddable":true,"href":"https:\/\/www.debragaasantiago.com\/geira-arrieiros\/wp-json\/wp\/v2\/users\/1"}],"replies":[{"embeddable":true,"href":"https:\/\/www.debragaasantiago.com\/geira-arrieiros\/wp-json\/wp\/v2\/comments?post=4189"}],"version-history":[{"count":2,"href":"https:\/\/www.debragaasantiago.com\/geira-arrieiros\/wp-json\/wp\/v2\/posts\/4189\/revisions"}],"predecessor-version":[{"id":4193,"href":"https:\/\/www.debragaasantiago.com\/geira-arrieiros\/wp-json\/wp\/v2\/posts\/4189\/revisions\/4193"}],"wp:featuredmedia":[{"embeddable":true,"href":"https:\/\/www.debragaasantiago.com\/geira-arrieiros\/wp-json\/wp\/v2\/media\/4190"}],"wp:attachment":[{"href":"https:\/\/www.debragaasantiago.com\/geira-arrieiros\/wp-json\/wp\/v2\/media?parent=4189"}],"wp:term":[{"taxonomy":"category","embeddable":true,"href":"https:\/\/www.debragaasantiago.com\/geira-arrieiros\/wp-json\/wp\/v2\/categories?post=4189"},{"taxonomy":"post_tag","embeddable":true,"href":"https:\/\/www.debragaasantiago.com\/geira-arrieiros\/wp-json\/wp\/v2\/tags?post=4189"}],"curies":[{"name":"wp","href":"https:\/\/api.w.org\/{rel}","templated":true}]}}