{"id":4184,"date":"2025-04-02T10:40:40","date_gmt":"2025-04-02T08:40:40","guid":{"rendered":"https:\/\/www.debragaasantiago.com\/geira-arrieiros\/?p=4184"},"modified":"2025-04-14T19:42:58","modified_gmt":"2025-04-14T17:42:58","slug":"el-camino-da-geira-e-dos-arrieiros-alumbra-sus-primeros-hijos-literarios","status":"publish","type":"post","link":"https:\/\/www.debragaasantiago.com\/geira-arrieiros\/el-camino-da-geira-e-dos-arrieiros-alumbra-sus-primeros-hijos-literarios\/","title":{"rendered":"El Cami\u00f1o da Geira e dos Arrieiros alumbra sus primeros hijos literarios"},"content":{"rendered":"\n<p><a href=\"https:\/\/www.lavozdegalicia.es\/noticia\/deza\/a-estrada\/2025\/04\/01\/camino-da-geira-dos-arrieiros-alumbra-primeros-hijos-literarios\/0003_202504D1C4994.htm\" target=\"_blank\" rel=\"noreferrer noopener nofollow\">Noticia de Roc\u00edo Garc\u00eda publicada en La Voz de Galicia<\/a>.<\/p>\n\n\n\n<p>A menudo el arte corre m\u00e1s r\u00e1pido que la burocracia. Es por eso que el Cami\u00f1o da Geira e dos Arrieiros \u2014que ha sido reconocido por el Arzobispado pero que no ha sido oficializado todav\u00eda por la Xunta como Camino de Santiago\u2014 ya ha dado a luz a sus dos primeros hijos literarios.<\/p>\n\n\n\n<!--more-->\n\n\n\n<div class=\"wp-block-uagb-image uagb-block-b53aec11 wp-block-uagb-image--layout-default wp-block-uagb-image--effect-static wp-block-uagb-image--align-none\"><figure class=\"wp-block-uagb-image__figure\"><img decoding=\"async\" srcset=\"https:\/\/www.debragaasantiago.com\/geira-arrieiros\/alquiler\/libro-novela-camino-santiago-diario-viaje-cga.webp ,https:\/\/www.debragaasantiago.com\/geira-arrieiros\/alquiler\/libro-novela-camino-santiago-diario-viaje-cga.webp 780w, https:\/\/www.debragaasantiago.com\/geira-arrieiros\/alquiler\/libro-novela-camino-santiago-diario-viaje-cga.webp 360w\" sizes=\"auto, (max-width: 480px) 150px\" src=\"https:\/\/www.debragaasantiago.com\/geira-arrieiros\/alquiler\/libro-novela-camino-santiago-diario-viaje-cga.webp\" alt=\"\" class=\"uag-image-4185\" width=\"768\" height=\"432\" title=\"libro-novela-camino-santiago-diario-viaje-cga\" loading=\"lazy\" role=\"img\"\/><\/figure><\/div>\n\n\n\n<p>Los dos son de escritores portugueses enganchados a los Caminos de Santiago en general y en particular a esta ruta que se escapa de los caminos trillados.<\/p>\n\n\n\n<p>La primera obra fue publicada en el mes de noviembre por <strong>Lu\u00eds Ferreira<\/strong>, un escritor que dos o tres veces al a\u00f1o camina hacia Compostela para alimentar el esp\u00edritu. Lleva por t\u00edtulo <strong>Un caminho que o tempo n\u00e3o apagou<\/strong> y, seg\u00fan explica el autor, es un libro de viajes en el que se da cuenta tanto de la parte f\u00edsica como de la espiritual del Camino.<\/p>\n\n\n\n<p>Lu\u00eds Ferreira hizo el Cami\u00f1o da Geira desde la ciudad portuguesa de Braga en el mes de septiembre del 2023. Nunca va a olvidar aquella experiencia. No solo por haberla dejado por escrito, sino porque lo marc\u00f3 profundamente. \u00abFoi unha aut\u00e9ntica aventura. Hai zonas onde a ruta non est\u00e1 ben marcada e ademais choveu todos os d\u00edas\u00bb, recuerda. El camino, que logr\u00f3 completar en once etapas, fue duro, pero tambi\u00e9n reconfortante. \u00abFoi un Cami\u00f1o que me marcou pola s\u00faa dificultade, pero tam\u00e9n pola impresionante natureza que atravesa, polo silencio\u2026 Por todo o que me dou, que foi moito\u00bb, cuenta el autor.<\/p>\n\n\n\n<p>Y eso que el escritor no es f\u00e1cilmente impresionable, porque desde que en el 2011 hizo el Camino de Santiago por vez primera ya lleva 27 rutas distintas a la capital compostelana y ocho libros escritos sobre el tema.<\/p>\n\n\n\n<p>\u00abAo principio escrib\u00eda novela, pero no 2022 escrib\u00edn un libro de viaxes puro que foi Premio Nacional de Lectura en Portugal. Tivo moito \u00e9xito e decid\u00edn continuar por esa li\u00f1a\u00bb, explica Lu\u00eds Ferreira. \u00abUn caminho que o tempo n\u00e3o apagou \u00e9 un libro de viaxes, contado en primeira persoa. Nel dou a co\u00f1ecer todo o que me atopei ao meu paso e o que fixen. Falo moito da natureza e de todo o que atopo, pero tam\u00e9n dos meus pensamentos e do lado m\u00e1is espiritual da viaxe\u00bb, cuenta. El libro est\u00e1 disponible en portugu\u00e9s en www.egoeditora.com.<\/p>\n\n\n\n<p>La otra obra es una novela del escritor, periodista y documentalista <strong>Pedro Gil de Vasconcelos<\/strong> titulada <strong>O escritor de epit\u00e1fios<\/strong>, publicada en portugu\u00e9s por la editorial Wook. Tambi\u00e9n Gil de Vasconcelos se enganch\u00f3 al Cami\u00f1o da Geira. \u00abBuscaba un camino diferente y menos masificado. Lo hice en el 2021 y me encant\u00f3. Es un legado de historia y de naturaleza que tiene que ser respetado. Me preocupa su conservaci\u00f3n. Me gustar\u00eda que la novela sirva para divulgar una forma responsable de estar en el Camino y en el mundo\u00bb, dice. La novela cuenta la historia de un hombre que se gana el sueldo escribiendo epitafios para una funeraria hasta que un d\u00eda decide partir en una aventura a pie que lo lleva por caminos inesperados. Siguiendo la Geira, llega a Santiago.<\/p>\n<p>\u00a0<\/p>\n","protected":false},"excerpt":{"rendered":"<p>Noticia de Roc\u00edo Garc\u00eda publicada en La Voz de Galicia. A menudo el arte corre m\u00e1s r\u00e1pido que la burocracia. Es por eso que el Cami\u00f1o da Geira e dos Arrieiros \u2014que ha sido reconocido por el Arzobispado pero que no ha sido oficializado todav\u00eda por la Xunta como Camino de Santiago\u2014 ya ha dado a luz a sus dos primeros hijos literarios.<\/p>\n","protected":false},"author":1,"featured_media":4185,"comment_status":"closed","ping_status":"open","sticky":false,"template":"","format":"standard","meta":{"_uag_custom_page_level_css":"","_genesis_hide_title":false,"_genesis_hide_breadcrumbs":false,"_genesis_hide_singular_image":false,"_genesis_hide_footer_widgets":false,"_genesis_custom_body_class":"","_genesis_custom_post_class":"","_genesis_layout":"","footnotes":""},"categories":[1,30,27],"tags":[],"class_list":{"0":"post-4184","1":"post","2":"type-post","3":"status-publish","4":"format-standard","5":"has-post-thumbnail","7":"category-peregrinos-camino-xacobeo-geira-romana-arrieiros","8":"category-novedades-2025","9":"category-prensa-e-publicacions","10":"entry"},"uagb_featured_image_src":{"full":["https:\/\/www.debragaasantiago.com\/geira-arrieiros\/alquiler\/libro-novela-camino-santiago-diario-viaje-cga.webp",768,432,false],"thumbnail":["https:\/\/www.debragaasantiago.com\/geira-arrieiros\/alquiler\/libro-novela-camino-santiago-diario-viaje-cga-150x150.webp",150,150,true],"medium":["https:\/\/www.debragaasantiago.com\/geira-arrieiros\/alquiler\/libro-novela-camino-santiago-diario-viaje-cga-300x169.webp",300,169,true],"medium_large":["https:\/\/www.debragaasantiago.com\/geira-arrieiros\/alquiler\/libro-novela-camino-santiago-diario-viaje-cga.webp",768,432,false],"large":["https:\/\/www.debragaasantiago.com\/geira-arrieiros\/alquiler\/libro-novela-camino-santiago-diario-viaje-cga.webp",768,432,false],"1536x1536":["https:\/\/www.debragaasantiago.com\/geira-arrieiros\/alquiler\/libro-novela-camino-santiago-diario-viaje-cga.webp",768,432,false],"2048x2048":["https:\/\/www.debragaasantiago.com\/geira-arrieiros\/alquiler\/libro-novela-camino-santiago-diario-viaje-cga.webp",768,432,false],"Blog Thumbnail":["https:\/\/www.debragaasantiago.com\/geira-arrieiros\/alquiler\/libro-novela-camino-santiago-diario-viaje-cga-198x198.webp",198,198,true],"store":["https:\/\/www.debragaasantiago.com\/geira-arrieiros\/alquiler\/libro-novela-camino-santiago-diario-viaje-cga-420x236.webp",420,236,true]},"uagb_author_info":{"display_name":"Pilgrim","author_link":"https:\/\/www.debragaasantiago.com\/geira-arrieiros\/author\/gral\/"},"uagb_comment_info":0,"uagb_excerpt":"Noticia de Roc\u00edo Garc\u00eda publicada en La Voz de Galicia. A menudo el arte corre m\u00e1s r\u00e1pido que la burocracia. Es por eso que el Cami\u00f1o da Geira e dos Arrieiros \u2014que ha sido reconocido por el Arzobispado pero que no ha sido oficializado todav\u00eda por la Xunta como Camino de Santiago\u2014 ya ha dado&hellip;","_links":{"self":[{"href":"https:\/\/www.debragaasantiago.com\/geira-arrieiros\/wp-json\/wp\/v2\/posts\/4184","targetHints":{"allow":["GET"]}}],"collection":[{"href":"https:\/\/www.debragaasantiago.com\/geira-arrieiros\/wp-json\/wp\/v2\/posts"}],"about":[{"href":"https:\/\/www.debragaasantiago.com\/geira-arrieiros\/wp-json\/wp\/v2\/types\/post"}],"author":[{"embeddable":true,"href":"https:\/\/www.debragaasantiago.com\/geira-arrieiros\/wp-json\/wp\/v2\/users\/1"}],"replies":[{"embeddable":true,"href":"https:\/\/www.debragaasantiago.com\/geira-arrieiros\/wp-json\/wp\/v2\/comments?post=4184"}],"version-history":[{"count":2,"href":"https:\/\/www.debragaasantiago.com\/geira-arrieiros\/wp-json\/wp\/v2\/posts\/4184\/revisions"}],"predecessor-version":[{"id":4187,"href":"https:\/\/www.debragaasantiago.com\/geira-arrieiros\/wp-json\/wp\/v2\/posts\/4184\/revisions\/4187"}],"wp:featuredmedia":[{"embeddable":true,"href":"https:\/\/www.debragaasantiago.com\/geira-arrieiros\/wp-json\/wp\/v2\/media\/4185"}],"wp:attachment":[{"href":"https:\/\/www.debragaasantiago.com\/geira-arrieiros\/wp-json\/wp\/v2\/media?parent=4184"}],"wp:term":[{"taxonomy":"category","embeddable":true,"href":"https:\/\/www.debragaasantiago.com\/geira-arrieiros\/wp-json\/wp\/v2\/categories?post=4184"},{"taxonomy":"post_tag","embeddable":true,"href":"https:\/\/www.debragaasantiago.com\/geira-arrieiros\/wp-json\/wp\/v2\/tags?post=4184"}],"curies":[{"name":"wp","href":"https:\/\/api.w.org\/{rel}","templated":true}]}}