{"id":4138,"date":"2025-02-03T17:40:25","date_gmt":"2025-02-03T16:40:25","guid":{"rendered":"https:\/\/www.debragaasantiago.com\/geira-arrieiros\/?p=4138"},"modified":"2025-04-14T19:42:42","modified_gmt":"2025-04-14T17:42:42","slug":"anabela-licinio-e-maria","status":"publish","type":"post","link":"https:\/\/www.debragaasantiago.com\/geira-arrieiros\/anabela-licinio-e-maria\/","title":{"rendered":"Peregrinaci\u00f3n de Anabela, Licinio e Maria"},"content":{"rendered":"\n\n\n<p>Anabela Henriques, Licinio Peixe e Maria Joao Silva compartiron a s\u00faa peregrinaci\u00f3n en Facebook. Moitas gracias!<\/p>\n\n\n\n<div class=\"wp-block-uagb-advanced-heading uagb-block-6282e83b\"><h2 class=\"uagb-heading-text\">Etapa 1: De Braga a Caldelas<\/h2><p class=\"uagb-desc-text\">25\/01\/2025<\/p><\/div>\n\n\n\n<p>O Caminho come\u00e7ou na imponente S\u00e9 de Braga, onde a hist\u00f3ria e a espiritualidade se entrela\u00e7am em cada detalhe. Foi l\u00e1 que fomos recebidos pela peregrina Ana Maia, que, com generosidade, nos guiou pela sa\u00edda da S\u00e9, mal identificada, e nos presenteou com uma pulseira, uma seta e uma vieira pequena, verdadeiros mimos que carregamos com carinho neste caminho.<br>Seguimos o percurso, predominantemente por asfalto, at\u00e9 ao Mosteiro de Rendufe, onde a estrada deu lugar a uma breve e encantadora conex\u00e3o com a natureza, revelando um cen\u00e1rio mais sereno e inspirador. Foi nesse momento que o Caminho come\u00e7ou a sussurrar a sua ess\u00eancia, convidando-nos \u00e0 introspe\u00e7\u00e3o e \u00e0 contempla\u00e7\u00e3o.<br>Ao chegar a Caldelas, a rece\u00e7\u00e3o calorosa do Presidente da Junta de Freguesia, Eng. Jos\u00e9 Manuel Almeida, fez-nos sentir em casa. Com informa\u00e7\u00f5es \u00fateis e o sorriso de quem acolhe peregrinos de cora\u00e7\u00e3o aberto, fomos surpreendidos tamb\u00e9m pela visita inesperada do amigo e peregrino Paulos Silva, cuja presen\u00e7a tornou a chegada ainda mais especial. No albergue, mais uma demonstra\u00e7\u00e3o de generosidade: a Sra. Ursula Martins deixou-nos um bonequinho feito por ela, um pequeno talism\u00e3 que nos acompanhar\u00e1 na mochila.<br>Esta primeira etapa, marcada por encontros e gestos de bondade, foi mais do que um percurso f\u00edsico; foi um lembrete da import\u00e2ncia das pessoas e das pequenas d\u00e1divas que encontramos ao longo do Caminho. Apesar do cansa\u00e7o, de uma noite sem dormir da viagem de Lisboa para Braga, o cora\u00e7\u00e3o segue leve e a alma renovada, pronta para o que o Caminho da Geira e dos Arrieiros nos reserva.\u2764\ufe0f\ud83d\ude4f\u2764\ufe0f<\/p>\n\n\n\n<figure class=\"wp-block-image size-full\"><img loading=\"lazy\" decoding=\"async\" width=\"800\" height=\"361\" src=\"https:\/\/www.debragaasantiago.com\/geira-arrieiros\/alquiler\/peregrinos-portugues-camino-braga-2025-1.jpg\" alt=\"\" class=\"wp-image-4139\" srcset=\"https:\/\/www.debragaasantiago.com\/geira-arrieiros\/alquiler\/peregrinos-portugues-camino-braga-2025-1.jpg 800w, https:\/\/www.debragaasantiago.com\/geira-arrieiros\/alquiler\/peregrinos-portugues-camino-braga-2025-1-300x135.jpg 300w, https:\/\/www.debragaasantiago.com\/geira-arrieiros\/alquiler\/peregrinos-portugues-camino-braga-2025-1-768x347.jpg 768w, https:\/\/www.debragaasantiago.com\/geira-arrieiros\/alquiler\/peregrinos-portugues-camino-braga-2025-1-420x190.jpg 420w\" sizes=\"auto, (max-width: 800px) 100vw, 800px\" \/><\/figure>\n\n\n\n<div class=\"wp-block-uagb-advanced-heading uagb-block-05727bdf\"><h2 class=\"uagb-heading-text\">Etapa 2: De Caldelas a Campo do Ger\u00eas<\/h2><p class=\"uagb-desc-text\">27\/01\/2025<\/p><\/div>\n\n\n\n<p>Partimos de Caldelas sob um c\u00e9u carregado, pren\u00fancio da tempestade que nos acompanhou ao longo do caminho. Ap\u00f3s um pequeno-almo\u00e7o na vila, seguimos o caminho com determina\u00e7\u00e3o. Aos 4 km, encontramos um caf\u00e9 que nos ofereceu o \u00faltimo conforto antes de enfrentarmos a dureza da etapa, j\u00e1 que decidimos n\u00e3o descer a Terras de Bouro e continu\u00e1mos pelo trilho da Geira.<\/p>\n\n\n\n<p>O percurso revelou-se um desafio imenso. Rios de \u00e1gua transformaram os caminhos <a><\/a>em aut\u00eanticas cascatas com uma for\u00e7a avassaladora. O vento e a chuva, persistentes e impiedosos, testaram n\u00e3o s\u00f3 a nossa resist\u00eancia f\u00edsica, mas tamb\u00e9m a nossa determina\u00e7\u00e3o. Cada passo parecia uma luta contra os elementos, e a tempestade tornou-se um advers\u00e1rio implac\u00e1vel.<\/p>\n\n\n\n<p>Aos 23 km, tom\u00e1mos a decis\u00e3o prudente de abandonar o trilho e seguir pela estrada. As correntes de \u00e1gua no percurso tornavam-se demasiado perigosas para arriscar, e a seguran\u00e7a falou mais alto. Ainda assim, o caminho at\u00e9 \u00e0 localidade de Covide e, posteriormente, at\u00e9 Campo do Ger\u00eas, n\u00e3o foi isento de dificuldades. A chuva incessante e o frio pareciam acompanhar cada quil\u00f3metro, mas, com resili\u00eancia, super\u00e1mos os obst\u00e1culos.<\/p>\n\n\n\n<p>Cheg\u00e1mos ao Campo do Ger\u00eas encharcados at\u00e9 aos ossos, mas com a sensa\u00e7\u00e3o de al\u00edvio e gratid\u00e3o. Apesar do cansa\u00e7o extremo e dos desafios enfrentados, foi mais uma etapa superada, marcada pela for\u00e7a do grupo e pela f\u00e9 em Santiago. A seguir jantar \u00e0 volta da fogueira para aquecer a alma e o cora\u00e7\u00e3o <img loading=\"lazy\" decoding=\"async\" src=\"https:\/\/static.xx.fbcdn.net\/images\/emoji.php\/v9\/t80\/1\/16\/1f64f.png\" alt=\"\ud83d\ude4f\" width=\"16\" height=\"16\">. Esta foi, sem d\u00favida, uma li\u00e7\u00e3o de humildade e respeito pela for\u00e7a da natureza, que torna este caminho inesquec\u00edvel em todos os seus aspectos, at\u00e9 mesmo os mais dif\u00edceis.<img loading=\"lazy\" decoding=\"async\" src=\"https:\/\/static.xx.fbcdn.net\/images\/emoji.php\/v9\/t80\/1\/16\/1f64f.png\" alt=\"\ud83d\ude4f\" width=\"16\" height=\"16\"><img loading=\"lazy\" decoding=\"async\" src=\"https:\/\/static.xx.fbcdn.net\/images\/emoji.php\/v9\/t6c\/1\/16\/2764.png\" alt=\"\u2764\ufe0f\" width=\"16\" height=\"16\"><img loading=\"lazy\" decoding=\"async\" src=\"https:\/\/static.xx.fbcdn.net\/images\/emoji.php\/v9\/t80\/1\/16\/1f64f.png\" alt=\"\ud83d\ude4f\" width=\"16\" height=\"16\"><\/p>\n<p>&nbsp;<\/p>\n\n\n\n<div class=\"wp-block-uagb-image uagb-block-204482fc wp-block-uagb-image--layout-default wp-block-uagb-image--effect-static wp-block-uagb-image--align-none\"><figure class=\"wp-block-uagb-image__figure\"><img decoding=\"async\" srcset=\"https:\/\/www.debragaasantiago.com\/geira-arrieiros\/alquiler\/peregrinos-portugues-camino-braga-2025-2.jpg ,https:\/\/www.debragaasantiago.com\/geira-arrieiros\/alquiler\/peregrinos-portugues-camino-braga-2025-2.jpg 780w, https:\/\/www.debragaasantiago.com\/geira-arrieiros\/alquiler\/peregrinos-portugues-camino-braga-2025-2.jpg 360w\" sizes=\"auto, (max-width: 480px) 150px\" src=\"https:\/\/www.debragaasantiago.com\/geira-arrieiros\/alquiler\/peregrinos-portugues-camino-braga-2025-2.jpg\" alt=\"\" class=\"uag-image-4140\" width=\"800\" height=\"361\" title=\"peregrinos-portugues-camino-braga-2025-2\" loading=\"lazy\" role=\"img\"\/><\/figure><\/div>\n\n\n\n<div class=\"wp-block-uagb-advanced-heading uagb-block-71bb4fbb\"><h2 class=\"uagb-heading-text\">Etapa 3: De Campo do Ger\u00eas a Lobios<\/h2><p class=\"uagb-desc-text\">27\/01\/2025<\/p><\/div>\n\n\n\n<p>Hoje, enfrent\u00e1mos mais uma etapa marcada pela chuva incessante, que n\u00e3o nos deu tr\u00e9guas desde o in\u00edcio. Sa\u00edmos de Campo do Ger\u00eas envolvidos por uma paisagem magn\u00edfica, mas rapidamente a realidade da tempestade se imp\u00f4s. Os trov\u00f5es ao longe e a \u00e1gua que teimava em cair tornaram cada passo um desafio. Ainda assim, a for\u00e7a do grupo e a f\u00e9 mantiveram-nos firmes.<\/p>\n\n\n\n<p>Seguimos pelo trilho da Geira, onde as marcas da hist\u00f3ria s\u00e3o inconfund\u00edveis. As <a><\/a>pedras gastas pelo tempo, os mili\u00e1rios romanos e a for\u00e7a da paisagem lembravam-nos constantemente da grandiosidade deste caminho. No entanto, a chuva tornou o percurso ainda mais dif\u00edcil \u2013 os ribeiros transbordavam, criando aut\u00eanticos rios no trilho.<\/p>\n\n\n\n<p>Na fronteira com Espanha, o caminho desviava-se para a esquerda, e opt\u00e1mos por continuar pela estrada por seguran\u00e7a. Mais \u00e0 frente, volt\u00e1mos ao trilho, onde novos caudais vindos da serra testaram a nossa coragem. Atravess\u00e1mos \u00e1reas onde a \u00e1gua chegava um pouco abaixo dos joelhos, mas o importante foi avan\u00e7ar e superar mais este obst\u00e1culo.<\/p>\n\n\n\n<p>Ao fim do dia, cheg\u00e1mos a Lobios, exaustos e completamente encharcados. O alojamento transformou-se num improvisado estendal de roupa, onde pendur\u00e1mos cada pe\u00e7a molhada com um misto de al\u00edvio e gratid\u00e3o. Apesar do cansa\u00e7o, celebr\u00e1mos a conquista de mais uma etapa, unidos pela partilha desta experi\u00eancia \u00fanica.<\/p>\n\n\n\n<p>Hoje foi um dia menos duro, mas enriquecedor. Cada dificuldade superada refor\u00e7a a ess\u00eancia do Caminho \u2013 um percurso que nos testa e nos transforma. Amanh\u00e3, mesmo com previs\u00e3o de mais chuva, continuaremos com for\u00e7a e f\u00e9. <img loading=\"lazy\" decoding=\"async\" src=\"https:\/\/static.xx.fbcdn.net\/images\/emoji.php\/v9\/t80\/1\/16\/1f64f.png\" alt=\"\ud83d\ude4f\" width=\"16\" height=\"16\"><\/p>\n<p>&nbsp;<\/p>\n\n\n\n<figure class=\"wp-block-image size-full\"><img loading=\"lazy\" decoding=\"async\" width=\"800\" height=\"374\" src=\"https:\/\/www.debragaasantiago.com\/geira-arrieiros\/alquiler\/peregrinos-portugues-camino-braga-2025-3.jpg\" alt=\"\" class=\"wp-image-4142\" srcset=\"https:\/\/www.debragaasantiago.com\/geira-arrieiros\/alquiler\/peregrinos-portugues-camino-braga-2025-3.jpg 800w, https:\/\/www.debragaasantiago.com\/geira-arrieiros\/alquiler\/peregrinos-portugues-camino-braga-2025-3-300x140.jpg 300w, https:\/\/www.debragaasantiago.com\/geira-arrieiros\/alquiler\/peregrinos-portugues-camino-braga-2025-3-768x359.jpg 768w, https:\/\/www.debragaasantiago.com\/geira-arrieiros\/alquiler\/peregrinos-portugues-camino-braga-2025-3-420x196.jpg 420w\" sizes=\"auto, (max-width: 800px) 100vw, 800px\" \/><\/figure>\n\n\n\n<div class=\"wp-block-uagb-advanced-heading uagb-block-c4955b94\"><h2 class=\"uagb-heading-text\">Etapa 4: De Lobios a Castro Laboreiro<\/h2><p class=\"uagb-desc-text\">28\/01\/2025<\/p><\/div>\n\n\n\n<p>O dia come\u00e7ou em Lobios sob um c\u00e9u carregado de nuvens, prenunciando o que seria uma das etapas mais desafiantes do Caminho. Sa\u00edmos com chuva, que nos acompanhou quase sem tr\u00e9guas, e enfrent\u00e1mos condi\u00e7\u00f5es extremas que puseram \u00e0 prova a nossa determina\u00e7\u00e3o e coragem.<\/p>\n\n\n\n<p>Atravess\u00e1mos rios e rios de \u00e1gua que transbordavam, galgando os trilhos e obrigando-nos a procurar alternativas. Ap\u00f3s a Capela do Senhor da Boa Morte, descemos e seguimos o <a><\/a>caminho ap\u00f3s a ponte de ferro, mas o rio transbordou e fez desaparecer completamente o trilho. Sem outra op\u00e7\u00e3o, subimos pela serra at\u00e9 encontrarmos a estrada.<\/p>\n\n\n\n<p>Pelo caminho, enfrent\u00e1mos trovoada, granizo e, j\u00e1 na chegada a Castro Laboreiro, neve. A travessia pela serra revelou-se dura, com o vento forte e as constantes correntes de \u00e1gua a testarem os nossos limites. Na estrada em dire\u00e7\u00e3o a Castro, a neve dificultava ainda mais o avan\u00e7o. Felizmente, a 3 km do destino, um senhor parou o carro e ofereceu-nos boleia, aliviando-nos deste \u00faltimo tro\u00e7o de estrada coberta de neve.<\/p>\n\n\n\n<p>Ao chegar a Castro Laboreiro, a vila pareceu um ref\u00fagio aben\u00e7oado ap\u00f3s um dia t\u00e3o exigente. O castelo em ru\u00ednas, imponente no alto do penedo, parecia guardar a aldeia, enquanto as casas de granito e as ruas de pedra transmitiam a resist\u00eancia e a liga\u00e7\u00e3o ao territ\u00f3rio dos seus habitantes.<\/p>\n\n\n\n<p>O Caminho tem-nos testado a cada etapa, e hoje foi um desses dias. A for\u00e7a da natureza lembrou-nos que o Caminho \u00e9 tanto sobre superar os desafios externos como os internos. Cada gota de chuva, cada sopro de vento e cada passo dif\u00edcil trouxeram li\u00e7\u00f5es de humildade, uni\u00e3o e f\u00e9.<\/p>\n\n\n\n<p>No final, percebemos que \u00e9 nestes momentos, quando somos empurrados para al\u00e9m do que imagin\u00e1vamos poss\u00edvel, que encontramos a verdadeira ess\u00eancia do Caminho. Este \u00e9 um percurso de supera\u00e7\u00e3o, e cada desafio enfrentado torna-nos mais fortes. Amanh\u00e3 ser\u00e1 um novo dia, e seguimos com for\u00e7a, esperan\u00e7a e gratid\u00e3o.<img loading=\"lazy\" decoding=\"async\" src=\"https:\/\/static.xx.fbcdn.net\/images\/emoji.php\/v9\/t80\/1\/16\/1f64f.png\" alt=\"\ud83d\ude4f\" width=\"16\" height=\"16\"><img loading=\"lazy\" decoding=\"async\" src=\"https:\/\/static.xx.fbcdn.net\/images\/emoji.php\/v9\/t6c\/1\/16\/2764.png\" alt=\"\u2764\ufe0f\" width=\"16\" height=\"16\"><img loading=\"lazy\" decoding=\"async\" src=\"https:\/\/static.xx.fbcdn.net\/images\/emoji.php\/v9\/t80\/1\/16\/1f64f.png\" alt=\"\ud83d\ude4f\" width=\"16\" height=\"16\"><\/p>\n<p>&nbsp;<\/p>\n\n\n\n<div class=\"wp-block-uagb-image uagb-block-34384fbb wp-block-uagb-image--layout-default wp-block-uagb-image--effect-static wp-block-uagb-image--align-none\"><figure class=\"wp-block-uagb-image__figure\"><img decoding=\"async\" srcset=\"https:\/\/www.debragaasantiago.com\/geira-arrieiros\/alquiler\/peregrinos-portugues-camino-braga-2025-4.jpg ,https:\/\/www.debragaasantiago.com\/geira-arrieiros\/alquiler\/peregrinos-portugues-camino-braga-2025-4.jpg 780w, https:\/\/www.debragaasantiago.com\/geira-arrieiros\/alquiler\/peregrinos-portugues-camino-braga-2025-4.jpg 360w\" sizes=\"auto, (max-width: 480px) 150px\" src=\"https:\/\/www.debragaasantiago.com\/geira-arrieiros\/alquiler\/peregrinos-portugues-camino-braga-2025-4.jpg\" alt=\"\" class=\"uag-image-4146\" width=\"800\" height=\"406\" title=\"peregrinos-portugues-camino-braga-2025-4\" loading=\"lazy\" role=\"img\"\/><\/figure><\/div>\n\n\n\n<div class=\"wp-block-uagb-advanced-heading uagb-block-d0ad99e0\"><h2 class=\"uagb-heading-text\">Etapa 5: De Castro Laboreiro a Cortegada<\/h2><p class=\"uagb-desc-text\">29\/01\/2025<\/p><\/div>\n\n\n\n<p>Deixamos Castro Laboreiro com gratid\u00e3o no cora\u00e7\u00e3o, levamos connosco o calor da forma como fomos recebidos, a simpatia das pessoas e a hospitalidade que tornou a despedida ainda mais especial. O castelo, no alto, parecia acenar-nos como um guardi\u00e3o silencioso do Caminho, testemunha das hist\u00f3rias que por aqui passam.<br>Sa\u00edmos com chuva intensa, e assim foi o dia inteiro \u2013 um verdadeiro teste de resist\u00eancia. Houve poucos momentos para fotos, mas a etapa ficar\u00e1 gravada na mem\u00f3ria. Hoje, mais do que nunca, caminh\u00e1mos sobre \u00e1gua. Diria que rios e rios de \u00e1gua nos acompanharam, e, sem exagero, os nossos passos foram, na maior parte do tempo, submersos at\u00e9 aos tornozelos. O tempo estava terr\u00edvel e, a certa altura, tornou-se imposs\u00edvel continuar ao lado do rio, obrigando-nos a um grande desvio pelo meio da serra.<br>O caminho era pura supera\u00e7\u00e3o. Cada passo exigia concentra\u00e7\u00e3o, cada decis\u00e3o era guiada pela necessidade de seguran\u00e7a, mas, no final, cheg\u00e1mos a Cortegada pela estrada. E como se o dia j\u00e1 n\u00e3o tivesse sido desafiante o suficiente, os \u00faltimos quil\u00f3metros foram acompanhados por uma chuva torrencial e por trovoadas que ecoavam sobre as nossas cabe\u00e7as. O destino parecia ainda distante quando um senhor espanhol, motorista de profiss\u00e3o, parou o carro e ofereceu-nos boleia at\u00e9 ao alojamento rural Casa do Conde. E, como o mundo \u00e9 uma ervilha, este simp\u00e1tico motorista costuma fazer excurs\u00f5es a Sintra, na nossa terra.<br>Mas a bondade do caminho n\u00e3o parou por a\u00ed. A J\u00e9ssica, do alojamento rural, preocupada connosco e com o temporal, ligou-me para saber onde est\u00e1vamos e, se fosse preciso, vinha buscar-nos. Pequenos gestos que, em dias como este, fazem toda a diferen\u00e7a. No meio da tempestade, o Caminho mostrou-nos, mais uma vez, que h\u00e1 pessoas boas, que a solidariedade ainda \u00e9 um elo forte entre desconhecidos.<br>Esta etapa, que liga Castro Laboreiro a Cortegada, \u00e9 um testemunho da resili\u00eancia, da for\u00e7a da natureza e da generosidade humana. \u00c9 mais um cap\u00edtulo escrito entre chuva, vento, rios transbordantes e encontros inesperados que aquecem a alma. Porque, no fundo, o Caminho n\u00e3o \u00e9 s\u00f3 sobre chegar \u2013 \u00e9 sobre viver cada momento, superar cada desafio e sentir que, apesar de tudo, nunca caminhamos sozinhos.\ud83d\ude4f\u2764\ufe0f\ud83d\ude4f<\/p>\n\n\n\n<p><\/p>\n\n\n\n<figure class=\"wp-block-image size-full\"><img loading=\"lazy\" decoding=\"async\" width=\"800\" height=\"361\" src=\"https:\/\/www.debragaasantiago.com\/geira-arrieiros\/alquiler\/peregrinos-portugues-camino-braga-2025-5.jpg\" alt=\"\" class=\"wp-image-4141\" srcset=\"https:\/\/www.debragaasantiago.com\/geira-arrieiros\/alquiler\/peregrinos-portugues-camino-braga-2025-5.jpg 800w, https:\/\/www.debragaasantiago.com\/geira-arrieiros\/alquiler\/peregrinos-portugues-camino-braga-2025-5-300x135.jpg 300w, https:\/\/www.debragaasantiago.com\/geira-arrieiros\/alquiler\/peregrinos-portugues-camino-braga-2025-5-768x347.jpg 768w, https:\/\/www.debragaasantiago.com\/geira-arrieiros\/alquiler\/peregrinos-portugues-camino-braga-2025-5-420x190.jpg 420w\" sizes=\"auto, (max-width: 800px) 100vw, 800px\" \/><\/figure>\n\n\n\n<div class=\"wp-block-uagb-advanced-heading uagb-block-d9947434\"><h2 class=\"uagb-heading-text\">Etapa 6: De Cortegada a Ber\u00e1n<\/h2><p class=\"uagb-desc-text\">30\/01\/2025<\/p><\/div>\n\n\n\n<p>Hoje, o Caminho brindou-nos com um presente raro nos \u00faltimos dias: o sol. Depois de tanta chuva e tempestades, finalmente o c\u00e9u abriu e deixou-nos caminhar com tempo mais calmo. Foi um al\u00edvio sentir o calor suave do sol na pele e ver a paisagem sob uma luz diferente, sem o v\u00e9u constante da chuva.<\/p>\n\n\n\n<p>O que dizer desta etapa? Se, por um lado, a natureza nos deu tr\u00e9guas, por outro, o percurso trouxe novos desafios. O caminho da Geira e dos Arrieiros, <a><\/a>entre Cortegada e Ribadavia, est\u00e1 muito mal marcado, e os temporais recentes tornaram-no ainda mais dif\u00edcil de seguir. Mesmo com GPS, avancei pelo trilho da Geira at\u00e9 que me deparei com \u00e1rvores ca\u00eddas e silvas a bloquear a passagem. Foi preciso improvisar, desviar e voltar ao caminho, abrindo passagem pelo que parecia um trilho perdido. Mais uma aventura, mais um dia em que o Caminho exigiu resili\u00eancia e adapta\u00e7\u00e3o.<\/p>\n\n\n\n<p>As subidas e descidas foram constantes, mas, com um dia mais seco, puderam ser apreciadas sem a pressa de fugir \u00e0 chuva. O percurso revelou-se um verdadeiro convite \u00e0 contempla\u00e7\u00e3o: florestas densas, aldeias silenciosas onde o tempo parece suspenso, e vales que se abrem como quadros pintados pela natureza. A caminhada de hoje foi uma celebra\u00e7\u00e3o da liga\u00e7\u00e3o entre o homem e a terra, com os passos a ecoarem num cen\u00e1rio de simplicidade e autenticidade.<\/p>\n\n\n\n<p>Ao chegarmos a Ber\u00e1n, fomos recebidos com o calor da hospitalidade galega. O Casar do Peregrino do Abd\u00f3n Fern\u00e1ndez tornou-se o nosso ref\u00fagio, onde fomos bem acolhidos, e o jantar foi um verdadeiro presente, no Restaurante O Trote, que abriu s\u00f3 para n\u00f3s os tr\u00eas, encontr\u00e1mos n\u00e3o apenas uma refei\u00e7\u00e3o, mas um gesto de generosidade e carinho. A senhora Triniti (creio ser esse o nome dela), com a sua simpatia e amabilidade, foi mais um exemplo das d\u00e1divas que o Caminho nos oferece \u2013 pessoas boas, momentos simples, mas cheios de significado.<\/p>\n\n\n\n<p>A gratid\u00e3o \u00e9 a palavra do dia. Gratid\u00e3o pelo tempo mais calmo, pelo percurso desafiador, pelas partilhas e pelo aconchego de um bom jantar no final. O Caminho continua a ensinar que, para al\u00e9m dos obst\u00e1culos, h\u00e1 sempre beleza, generosidade e momentos que aquecem a alma. Amanh\u00e3 ser\u00e1 um novo dia, e seguimos com o cora\u00e7\u00e3o cheio. <img loading=\"lazy\" decoding=\"async\" src=\"https:\/\/static.xx.fbcdn.net\/images\/emoji.php\/v9\/t80\/1\/16\/1f64f.png\" alt=\"\ud83d\ude4f\" width=\"16\" height=\"16\"><img loading=\"lazy\" decoding=\"async\" src=\"https:\/\/static.xx.fbcdn.net\/images\/emoji.php\/v9\/t6c\/1\/16\/2764.png\" alt=\"\u2764\ufe0f\" width=\"16\" height=\"16\"><img loading=\"lazy\" decoding=\"async\" src=\"https:\/\/static.xx.fbcdn.net\/images\/emoji.php\/v9\/t80\/1\/16\/1f64f.png\" alt=\"\ud83d\ude4f\" width=\"16\" height=\"16\"><\/p>\n\n\n\n<figure class=\"wp-block-image size-full\"><img loading=\"lazy\" decoding=\"async\" width=\"800\" height=\"374\" src=\"https:\/\/www.debragaasantiago.com\/geira-arrieiros\/alquiler\/peregrinos-portugues-camino-braga-2025-6.jpg\" alt=\"\" class=\"wp-image-4143\" srcset=\"https:\/\/www.debragaasantiago.com\/geira-arrieiros\/alquiler\/peregrinos-portugues-camino-braga-2025-6.jpg 800w, https:\/\/www.debragaasantiago.com\/geira-arrieiros\/alquiler\/peregrinos-portugues-camino-braga-2025-6-300x140.jpg 300w, https:\/\/www.debragaasantiago.com\/geira-arrieiros\/alquiler\/peregrinos-portugues-camino-braga-2025-6-768x359.jpg 768w, https:\/\/www.debragaasantiago.com\/geira-arrieiros\/alquiler\/peregrinos-portugues-camino-braga-2025-6-420x196.jpg 420w\" sizes=\"auto, (max-width: 800px) 100vw, 800px\" \/><\/figure>\n\n\n\n<div class=\"wp-block-uagb-advanced-heading uagb-block-94ceb959\"><h2 class=\"uagb-heading-text\">Etapa 7: De Ber\u00e1n a Beariz<\/h2><p class=\"uagb-desc-text\">31\/01\/2025<\/p><\/div>\n\n\n\n<p>Sa\u00edmos de B\u00e9r\u00e1n envoltos por um nevoeiro denso, que conferia \u00e0 paisagem um ar m\u00edstico e silencioso. O contraste com o dia anterior foi evidente, e s\u00f3 ent\u00e3o me dei conta de que n\u00e3o tinha mencionado um dos detalhes mais marcantes da etapa anterior: entre Ribadavia e B\u00e9r\u00e1n, as videiras do famoso vinho Ribeiro pintavam a paisagem, lembrando-nos da riqueza desta terra. Hoje, por\u00e9m, a paisagem transformou-se novamente, e logo \u00e0 sa\u00edda de B\u00e9r\u00e1n entr\u00e1mos numa <a><\/a>floresta m\u00e1gica, onde a natureza parecia guardar segredos antigos.<\/p>\n\n\n\n<p>Mas o Caminho nunca deixa de nos surpreender, e a aventura fez quest\u00e3o de nos acompanhar mais uma vez. Os estragos da tempestade ainda estavam bem presentes, e \u00e1rvores ca\u00eddas bloquearam parte do trilho, obrigando-nos a contornar obst\u00e1culos e abrir passagem onde era poss\u00edvel. O esfor\u00e7o f\u00edsico foi imenso, pois esta foi uma etapa exigente, marcada por subidas duras e sem qualquer ponto de apoio ao longo do percurso. Era preciso pernas \u2013 e muita vontade \u2013 para superar os desn\u00edveis constantes at\u00e9 ao destino.<\/p>\n\n\n\n<p>O \u00fanico caf\u00e9 da etapa estava em Pazos de Arenteiro, mas, para nossa infelicidade, encontrava-se fechado. No entanto, a generosidade do Caminho voltou a manifestar-se. Ao passarmos pela localidade, encontr\u00e1mos o senhor Flor\u00eancio, que estava ocupado a preparar a carne dos porcos que tinha abatido. Ao ver que \u00e9ramos portugueses, chamou-nos com entusiasmo e fez-nos entrar. Com um sorriso, ofereceu licor de caf\u00e9 aos meus amigos (eu recusei educadamente!) e uns bolos para ado\u00e7ar a caminhada. Contou-nos que a sua mulher era portuguesa, de Penafiel, e partilhou hist\u00f3rias com a descontra\u00e7\u00e3o de quem gosta de receber bem. Mas Flor\u00eancio, com a sua energia brincalhona, n\u00e3o resistiu a elogiar a nossa amiga Maria Jo\u00e3o, agarrando-se a ela como um verdadeiro malandreco! <img loading=\"lazy\" decoding=\"async\" height=\"16\" width=\"16\" alt=\"\ud83e\udd23\" src=\"https:\/\/static.xx.fbcdn.net\/images\/emoji.php\/v9\/t52\/1\/16\/1f923.png\"><\/p>\n\n\n\n<p>J\u00e1 perto do fim da etapa, a fadiga pesava nas pernas, mas o \u00e2nimo mantinha-se elevado. Cheg\u00e1mos finalmente a Beariz, onde nos esperava o Pepe, que nos recebeu com o mesmo carinho e hospitalidade de sempre. No seu albergue, encontr\u00e1mos n\u00e3o apenas descanso, mas tamb\u00e9m aquele sentimento reconfortante de saber que, apesar das dificuldades, o Caminho continua a ser generoso connosco, seja na beleza das paisagens, seja nos encontros inesperados que tornam cada dia memor\u00e1vel.<\/p>\n\n\n\n<p>Esta etapa, de B\u00e9r\u00e1n a Beariz, foi uma verdadeira prova de resist\u00eancia, mas tamb\u00e9m uma celebra\u00e7\u00e3o do que torna o Caminho t\u00e3o especial: a natureza, os desafios, a solidariedade e, claro, as hist\u00f3rias inesperadas que nos fazem rir e nos aquecem o cora\u00e7\u00e3o. Seguimos em frente, com gratid\u00e3o e um passo cada vez mais pr\u00f3ximo do nosso destino. <img loading=\"lazy\" decoding=\"async\" src=\"https:\/\/static.xx.fbcdn.net\/images\/emoji.php\/v9\/t15\/1\/16\/1f49b.png\" alt=\"\ud83d\udc9b\" width=\"16\" height=\"16\"><img loading=\"lazy\" decoding=\"async\" src=\"https:\/\/static.xx.fbcdn.net\/images\/emoji.php\/v9\/t80\/1\/16\/1f64f.png\" alt=\"\ud83d\ude4f\" width=\"16\" height=\"16\"><\/p>\n<p>&nbsp;<\/p>\n\n\n\n<div class=\"wp-block-uagb-image uagb-block-1c546633 wp-block-uagb-image--layout-default wp-block-uagb-image--effect-static wp-block-uagb-image--align-none\"><figure class=\"wp-block-uagb-image__figure\"><img decoding=\"async\" srcset=\"https:\/\/www.debragaasantiago.com\/geira-arrieiros\/alquiler\/peregrinos-portugues-camino-braga-2025-7.jpg ,https:\/\/www.debragaasantiago.com\/geira-arrieiros\/alquiler\/peregrinos-portugues-camino-braga-2025-7.jpg 780w, https:\/\/www.debragaasantiago.com\/geira-arrieiros\/alquiler\/peregrinos-portugues-camino-braga-2025-7.jpg 360w\" sizes=\"auto, (max-width: 480px) 150px\" src=\"https:\/\/www.debragaasantiago.com\/geira-arrieiros\/alquiler\/peregrinos-portugues-camino-braga-2025-7.jpg\" alt=\"\" class=\"uag-image-4144\" width=\"800\" height=\"374\" title=\"peregrinos-portugues-camino-braga-2025-7\" loading=\"lazy\" role=\"img\"\/><\/figure><\/div>\n\n\n\n<div class=\"wp-block-uagb-advanced-heading uagb-block-309dc878\"><h2 class=\"uagb-heading-text\">Etapa 8: De Beariz a Codeseda<\/h2><p class=\"uagb-desc-text\">01\/02\/2025<\/p><\/div>\n\n\n\n<p>O dia come\u00e7ou envolto em neblina, um v\u00e9u misterioso que nos acompanhou durante quase todo o percurso, tornando a paisagem ainda mais especial. O Caminho, como sempre, mostrou-se um verdadeiro carrossel da vida, um sobe e desce constante que exige tanto do corpo como da mente. Subimos e descemos, avan\u00e7ando entre trilhos encharcados, onde caminhar com os p\u00e9s molhados j\u00e1 se tornou parte da rotina. Tentar evitar a \u00e1gua \u00e9 in\u00fatil \u2013 aceitamos e seguimos <a><\/a>em frente, porque o Caminho ensina-nos que a verdadeira supera\u00e7\u00e3o n\u00e3o est\u00e1 em contornar os desafios, mas sim em atravess\u00e1-los.<\/p>\n\n\n\n<p>Mas o dia tamb\u00e9m ficou marcado por um gesto de imensa generosidade e amizade. O nosso amigo Lic\u00ednio, no meio das chegadas e partidas, deixou as suas cal\u00e7as no Albergue Reposo del Caminante, em Beariz, do nosso querido Pepe. E, como j\u00e1 sabemos, o Pepe \u00e9 um ser de luz. Com a sua bondade infinita, n\u00e3o hesitou em ir pessoalmente entregar as cal\u00e7as no Bar de Codeseda, confiando-as aos cuidados da simp\u00e1tica Maria del Carmen.<\/p>\n\n\n\n<p>E como se isso j\u00e1 n\u00e3o fosse um gesto admir\u00e1vel, no regresso para casa, Pepe encontrou-nos na estrada, em Cachaceiro. Parou o carro, saiu e, sem dizer uma palavra, abra\u00e7ou-nos. <img loading=\"lazy\" decoding=\"async\" height=\"16\" width=\"16\" alt=\"\ud83e\udd17\" src=\"https:\/\/static.xx.fbcdn.net\/images\/emoji.php\/v9\/tb7\/1\/16\/1f917.png\"> Um abra\u00e7o sincero, cheio de carinho, daqueles que aquecem a alma e fazem esquecer todo o cansa\u00e7o do Caminho. Um pequeno gesto, mas com um impacto gigante no cora\u00e7\u00e3o.<\/p>\n\n\n\n<p>A sua mulher, tamb\u00e9m com a mesma generosidade, ofereceu-nos um PIN e um porta-chaves do Caminho da Geira, um presente simb\u00f3lico, mas carregado de significado, que levaremos connosco como lembran\u00e7a deste dia t\u00e3o especial.<\/p>\n\n\n\n<p>E claro, n\u00e3o podemos deixar de mencionar a Mari Carmen, do Bar de Codeseda, que nos recebeu com simpatia e do\u00e7ura genu\u00ednas. A cada etapa, encontramos provas de que o Caminho n\u00e3o \u00e9 s\u00f3 paisagem e esfor\u00e7o f\u00edsico \u2013 \u00e9 feito de encontros, de gestos inesperados e de pessoas que nos mostram a verdadeira ess\u00eancia da bondade.<\/p>\n\n\n\n<p>Ao chegarmos \u00e0 Codeseda, o cansa\u00e7o deu lugar \u00e0 satisfa\u00e7\u00e3o de mais uma etapa conclu\u00edda. As ruas de pedra e a tranquilidade da aldeia acolheram-nos como um abra\u00e7o, e ao olhar para tr\u00e1s, percebemos que o verdadeiro destino n\u00e3o \u00e9 apenas Santiago \u2013 \u00e9 cada gesto de bondade, cada sorriso trocado, cada abra\u00e7o inesperado que torna este caminho t\u00e3o \u00fanico.<img loading=\"lazy\" decoding=\"async\" height=\"16\" width=\"16\" alt=\"\u2764\ufe0f\" src=\"https:\/\/static.xx.fbcdn.net\/images\/emoji.php\/v9\/t6c\/1\/16\/2764.png\"><img loading=\"lazy\" decoding=\"async\" height=\"16\" width=\"16\" alt=\"\ud83d\ude4f\" src=\"https:\/\/static.xx.fbcdn.net\/images\/emoji.php\/v9\/t80\/1\/16\/1f64f.png\"><img loading=\"lazy\" decoding=\"async\" height=\"16\" width=\"16\" alt=\"\u2764\ufe0f\" src=\"https:\/\/static.xx.fbcdn.net\/images\/emoji.php\/v9\/t6c\/1\/16\/2764.png\"><\/p>\n\n\n\n<p>Seguimos com os p\u00e9s molhados, mas com o cora\u00e7\u00e3o aquecido. Porque no Caminho, a verdadeira d\u00e1diva n\u00e3o \u00e9 apenas chegar, mas tudo o que vivemos pelo caminho. <img loading=\"lazy\" decoding=\"async\" src=\"https:\/\/static.xx.fbcdn.net\/images\/emoji.php\/v9\/t80\/1\/16\/1f64f.png\" alt=\"\ud83d\ude4f\" width=\"16\" height=\"16\"><img loading=\"lazy\" decoding=\"async\" src=\"https:\/\/static.xx.fbcdn.net\/images\/emoji.php\/v9\/tf4\/1\/16\/2728.png\" alt=\"\u2728\" width=\"16\" height=\"16\"><img loading=\"lazy\" decoding=\"async\" src=\"https:\/\/static.xx.fbcdn.net\/images\/emoji.php\/v9\/t15\/1\/16\/1f49b.png\" alt=\"\ud83d\udc9b\" width=\"16\" height=\"16\"><\/p>\n<p>&nbsp;<\/p>\n\n\n\n<div class=\"wp-block-uagb-image uagb-block-419699db wp-block-uagb-image--layout-default wp-block-uagb-image--effect-static wp-block-uagb-image--align-none\"><figure class=\"wp-block-uagb-image__figure\"><img decoding=\"async\" srcset=\"https:\/\/www.debragaasantiago.com\/geira-arrieiros\/alquiler\/peregrinos-portugues-camino-braga-2025-8.jpg ,https:\/\/www.debragaasantiago.com\/geira-arrieiros\/alquiler\/peregrinos-portugues-camino-braga-2025-8.jpg 780w, https:\/\/www.debragaasantiago.com\/geira-arrieiros\/alquiler\/peregrinos-portugues-camino-braga-2025-8.jpg 360w\" sizes=\"auto, (max-width: 480px) 150px\" src=\"https:\/\/www.debragaasantiago.com\/geira-arrieiros\/alquiler\/peregrinos-portugues-camino-braga-2025-8.jpg\" alt=\"\" class=\"uag-image-4145\" width=\"800\" height=\"374\" title=\"peregrinos-portugues-camino-braga-2025-8\" loading=\"lazy\" role=\"img\"\/><\/figure><\/div>\n\n\n\n<div class=\"wp-block-uagb-advanced-heading uagb-block-b0c2ba8b\"><h2 class=\"uagb-heading-text\">Etapa 9: De Codeseda a Rar\u00eds<\/h2><p class=\"uagb-desc-text\">02\/02\/2025<\/p><\/div>\n\n\n\n<p>Sa\u00edmos de Codeseda com chuva, um cen\u00e1rio j\u00e1 familiar que tem acompanhado grande parte do nosso caminho. Um pouco mais \u00e0 frente, o caminho levou-nos por um trilho completamente inundado de \u00e1gua \u2013 j\u00e1 faz parte da rotina molhar os p\u00e9s, \u00e9 da praxe! <img loading=\"lazy\" decoding=\"async\" height=\"16\" width=\"16\" alt=\"\ud83d\ude1c\" src=\"https:\/\/static.xx.fbcdn.net\/images\/emoji.php\/v9\/t20\/1\/16\/1f61c.png\"> Evitar \u00e9 imposs\u00edvel, aceitar \u00e9 a \u00fanica op\u00e7\u00e3o.<\/p>\n\n\n\n<p>Por\u00e9m, ao fim de cerca de uma hora, a chuva deu-nos tr\u00e9guas e, de vez em quando, o sol espreitava timidamente, iluminando a paisagem e aquecendo-nos a alma. A <a><\/a>etapa de hoje, apesar de longa (29 km entre Codeseda e Rar\u00eds), foi mais calma e predominantemente plana, uma mudan\u00e7a bem-vinda ap\u00f3s os desafios dos \u00faltimos dias. O Caminho parecia querer dar-nos um respiro antes da grande chegada.<img loading=\"lazy\" decoding=\"async\" height=\"16\" width=\"16\" alt=\"\u2764\ufe0f\" src=\"https:\/\/static.xx.fbcdn.net\/images\/emoji.php\/v9\/t6c\/1\/16\/2764.png\"><\/p>\n\n\n\n<p>\u00c9 importante referir que, depois de sairmos de Codeseda, s\u00f3 encontramos caf\u00e9s 12 km depois, na localidade de A Estrada. Para quem vem a percorrer este caminho, vale a pena ter isso em conta e preparar-se para um bom tro\u00e7o sem pontos de apoio.<\/p>\n\n\n\n<p>Como n\u00e3o fic\u00e1mos alojados em Pontevea, decidimos seguir mais alguns quil\u00f3metros at\u00e9 Rar\u00eds, onde nos esperava um merecido descanso na Casa Mella Rar\u00eds, um alojamento onde fomos muito bem recebidos e que nos proporcionou o conforto necess\u00e1rio antes do \u00faltimo dia desta peregrina\u00e7\u00e3o.<\/p>\n\n\n\n<p>O percurso de hoje levou-nos por aldeias encantadoras, onde o tempo parece ter um ritmo mais lento, e os campos verdes alternavam entre hortas e terrenos de pasto. As casas de granito e os ribeiros de \u00e1gua cristalina que cortam os trilhos criavam momentos de contempla\u00e7\u00e3o e tranquilidade. Os habitantes locais, sempre acolhedores, ofereciam-nos sorrisos e palavras de incentivo, lembrando-nos que o Caminho n\u00e3o se faz apenas de quil\u00f3metros, mas tamb\u00e9m de encontros que enriquecem o caminho.<img loading=\"lazy\" decoding=\"async\" height=\"16\" width=\"16\" alt=\"\ud83d\ude4f\" src=\"https:\/\/static.xx.fbcdn.net\/images\/emoji.php\/v9\/t80\/1\/16\/1f64f.png\"><\/p>\n\n\n\n<p>Agora, com Santiago t\u00e3o pr\u00f3ximo, o cora\u00e7\u00e3o acelera com a antecipa\u00e7\u00e3o da chegada. <img loading=\"lazy\" decoding=\"async\" height=\"16\" width=\"16\" alt=\"\u2764\ufe0f\" src=\"https:\/\/static.xx.fbcdn.net\/images\/emoji.php\/v9\/t6c\/1\/16\/2764.png\">Amanh\u00e3, ser\u00e1 o dia de abra\u00e7ar o meu Ap\u00f3stolo, de chegar \u00e0 Fonte dos Peregrinos e sentir a emo\u00e7\u00e3o de completar este Caminho t\u00e3o intenso, t\u00e3o desafiante e, ao mesmo tempo, t\u00e3o transformador.<\/p>\n\n\n\n<p>O Caminho da Geira e dos Arrieiros tem sido uma verdadeira prova de resist\u00eancia, amizade e supera\u00e7\u00e3o. Cada passo, cada paisagem, cada gesto de generosidade encontrado ao longo do caminho ficar\u00e1 gravado para sempre. Amanh\u00e3, mais do que chegar ao destino, ser\u00e1 um dia para celebrar tudo o que foi vivido, sentido e aprendido ao longo destes dias inesquec\u00edveis. Seguimos com f\u00e9 e gratid\u00e3o. <img loading=\"lazy\" decoding=\"async\" src=\"https:\/\/static.xx.fbcdn.net\/images\/emoji.php\/v9\/t80\/1\/16\/1f64f.png\" alt=\"\ud83d\ude4f\" width=\"16\" height=\"16\"><img loading=\"lazy\" decoding=\"async\" src=\"https:\/\/static.xx.fbcdn.net\/images\/emoji.php\/v9\/t15\/1\/16\/1f49b.png\" alt=\"\ud83d\udc9b\" width=\"16\" height=\"16\"><img loading=\"lazy\" decoding=\"async\" src=\"https:\/\/static.xx.fbcdn.net\/images\/emoji.php\/v9\/tf4\/1\/16\/2728.png\" alt=\"\u2728\" width=\"16\" height=\"16\"><\/p>\n<p>&nbsp;<\/p>\n\n\n\n<div class=\"wp-block-uagb-image uagb-block-d1edf31e wp-block-uagb-image--layout-default wp-block-uagb-image--effect-static wp-block-uagb-image--align-none\"><figure class=\"wp-block-uagb-image__figure\"><img decoding=\"async\" srcset=\"https:\/\/www.debragaasantiago.com\/geira-arrieiros\/alquiler\/peregrinos-portugues-camino-braga-2025-9.jpg ,https:\/\/www.debragaasantiago.com\/geira-arrieiros\/alquiler\/peregrinos-portugues-camino-braga-2025-9.jpg 780w, https:\/\/www.debragaasantiago.com\/geira-arrieiros\/alquiler\/peregrinos-portugues-camino-braga-2025-9.jpg 360w\" sizes=\"auto, (max-width: 480px) 150px\" src=\"https:\/\/www.debragaasantiago.com\/geira-arrieiros\/alquiler\/peregrinos-portugues-camino-braga-2025-9.jpg\" alt=\"\" class=\"uag-image-4147\" width=\"800\" height=\"754\" title=\"peregrinos-portugues-camino-braga-2025-9\" loading=\"lazy\" role=\"img\"\/><\/figure><\/div>\n\n\n\n<div class=\"wp-block-uagb-advanced-heading uagb-block-2aaf9aa1\"><h2 class=\"uagb-heading-text\">Etapa 10: De Rar\u00eds a Santiago de Compostela<\/h2><p class=\"uagb-desc-text\">03\/02\/2025<\/p><\/div>\n\n\n\n<p>O \u00faltimo dia da nossa peregrina\u00e7\u00e3o come\u00e7ou envolto num denso nevoeiro, como se o pr\u00f3prio Caminho quisesse guardar em mist\u00e9rio os momentos finais desta jornada. Sa\u00edmos de Rar\u00eds, deixando para tr\u00e1s o aconchego do nosso alojamento, onde os hospitaleiros Jorge e Iara, da Casa Mellia Rar\u00eds, nos mimaram com a sua hospitalidade e calor humano. A ansiedade misturava-se com a nostalgia \u2013 est\u00e1vamos t\u00e3o perto do destino e, ao mesmo tempo, j\u00e1 sent\u00edamos saudades da jornada que nos transformou.<br>Seguimos em sil\u00eancio, absorvendo a magia do momento. Ao contr\u00e1rio do que acontece noutros Caminhos, n\u00e3o cruz\u00e1mos nenhum peregrino. \u00c9ramos apenas n\u00f3s e a estrada, os nossos passos ecoando no vazio, envoltos pela n\u00e9voa e pelo som distante da natureza. Essa solid\u00e3o tornava tudo ainda mais especial \u2013 cada passo era nosso, cada quil\u00f3metro percorrido era uma conquista silenciosa, partilhada apenas entre n\u00f3s.<br>O percurso levou-nos por aldeias tranquilas e bosques despidos pelo inverno, onde a aus\u00eancia de movimento refor\u00e7ava a introspe\u00e7\u00e3o. Foi um caminho de resili\u00eancia e supera\u00e7\u00e3o. Sab\u00edamos que janeiro e fevereiro trariam chuva, mas fomos surpreendidos por muito mais do que isso \u2013 duas tempestades cruzaram o nosso trajeto, enfrent\u00e1mos alertas vermelhos, frio cortante, caminhos encharcados, e seguimos sempre em frente, com f\u00e9 e determina\u00e7\u00e3o.<br>E ent\u00e3o, como num sonho tornado realidade, surgiu a majestosa Catedral de Santiago de Compostela. O momento que tantas vezes imagin\u00e1mos finalmente acontecia. Entrar na Pra\u00e7a do Obradoiro foi avassalador. N\u00e3o havia multid\u00f5es nem celebra\u00e7\u00f5es ruidosas \u2013 apenas n\u00f3s, o peso dos quil\u00f3metros percorridos e a grandiosidade do momento. O Caminho tinha sido solit\u00e1rio, mas nunca nos sentimos sozinhos.<br>Este Caminho foi mais do que uma peregrina\u00e7\u00e3o. Foi um teste \u00e0 resili\u00eancia, \u00e0 amizade e \u00e0 f\u00e9. Nada nos garantiu que seria f\u00e1cil, mas juntos super\u00e1mos tudo. Agrade\u00e7o de cora\u00e7\u00e3o \u00e0 Maria Joao Silva e ao Licinio Peixe , companheiros incans\u00e1veis, que nunca duvidaram do caminho e seguiram comigo at\u00e9 ao fim. Cada obst\u00e1culo ultrapassado, cada momento de cansa\u00e7o vencido, cada riso partilhado tornou esta experi\u00eancia \u00fanica.<br>E um enorme obrigado a todos os que nos seguiram, que nos enviaram mensagens e que, \u00e0 dist\u00e2ncia, caminharam connosco. O vosso apoio foi um alento constante.<br>Hoje o Caminho chega ao fim, mas as mem\u00f3rias e as li\u00e7\u00f5es que ele nos ensinou v\u00e3o permanecer para sempre. E, como todo peregrino sabe, este n\u00e3o \u00e9 um adeus \u2013 \u00e9 apenas um at\u00e9 breve.\ud83d\ude4f\u2764\ufe0f\ud83d\ude4f<\/p>\n\n\n\n<p><\/p>\n\n\n\n<div class=\"wp-block-uagb-advanced-heading uagb-block-5fe5a320\"><h2 class=\"uagb-heading-text\">Cheg\u00e1mos a Santiago! <img loading=\"lazy\" decoding=\"async\" height=\"16\" width=\"16\" src=\"https:\/\/static.xx.fbcdn.net\/images\/emoji.php\/v9\/t8c\/1\/16\/1f389.png\" alt=\"\ud83c\udf89\"><img loading=\"lazy\" decoding=\"async\" height=\"16\" width=\"16\" src=\"https:\/\/static.xx.fbcdn.net\/images\/emoji.php\/v9\/tf4\/1\/16\/2728.png\" alt=\"\u2728\"><\/h2><p class=\"uagb-desc-text\">03\/02\/2025<\/p><\/div>\n\n\n\n<p>Foram dias de chuva, sol, vento, trilhos cobertos de \u00e1gua, subidas dif\u00edceis e momentos de pura supera\u00e7\u00e3o. Mas aqui estamos n\u00f3s, diante da Catedral, com o cora\u00e7\u00e3o cheio e a alma em paz. Cada passo valeu a pena, cada desafio fortaleceu-nos e cada encontro no Caminho tornou esta jornada ainda mais especial.<\/p>\n\n\n\n<p><br>Hoje, com gratid\u00e3o e emo\u00e7\u00e3o, abra\u00e7o o Ap\u00f3stolo Santiago e levo no cora\u00e7\u00e3o todos aqueles que nos acompanharam, mesmo \u00e0 dist\u00e2ncia. E, em especial, este abra\u00e7o vai pelo Joaquim, em nome da minha querida amiga peregrina Paula Francisco, minha fam\u00edlia e amigos. Que a for\u00e7a do Caminho e a prote\u00e7\u00e3o de Santiago estejam com ele e com todos n\u00f3s.<br>O Caminho ensina-nos que n\u00e3o caminhamos sozinhos \u2013 cada pegada que deixamos \u00e9 uma hist\u00f3ria, cada quil\u00f3metro percorrido \u00e9 uma lembran\u00e7a, e cada chegada \u00e9, na verdade, um novo come\u00e7o. \ud83d\udc9b\ud83d\ude4f<\/p>\n\n\n\n<figure class=\"wp-block-image size-large\"><img loading=\"lazy\" decoding=\"async\" width=\"575\" height=\"1024\" src=\"https:\/\/www.debragaasantiago.com\/geira-arrieiros\/alquiler\/z-Camino-santiago-portugal-2024-geira-arrieiros-etapa1-1-575x1024.jpg\" alt=\"\" class=\"wp-image-4148\" srcset=\"https:\/\/www.debragaasantiago.com\/geira-arrieiros\/alquiler\/z-Camino-santiago-portugal-2024-geira-arrieiros-etapa1-1-575x1024.jpg 575w, https:\/\/www.debragaasantiago.com\/geira-arrieiros\/alquiler\/z-Camino-santiago-portugal-2024-geira-arrieiros-etapa1-1-169x300.jpg 169w, https:\/\/www.debragaasantiago.com\/geira-arrieiros\/alquiler\/z-Camino-santiago-portugal-2024-geira-arrieiros-etapa1-1-768x1367.jpg 768w, https:\/\/www.debragaasantiago.com\/geira-arrieiros\/alquiler\/z-Camino-santiago-portugal-2024-geira-arrieiros-etapa1-1-149x266.jpg 149w, https:\/\/www.debragaasantiago.com\/geira-arrieiros\/alquiler\/z-Camino-santiago-portugal-2024-geira-arrieiros-etapa1-1.jpg 800w\" sizes=\"auto, (max-width: 575px) 100vw, 575px\" \/><\/figure>\n\n\n\n<p><\/p>\n\n\n","protected":false},"excerpt":{"rendered":"<p>Anabela Henriques, Licinio Peixe e Maria Joao Silva compartiron a s\u00faa peregrinaci\u00f3n en Facebook. Moitas gracias! Etapa 1: De Braga a Caldelas 25\/01\/2025 O Caminho come\u00e7ou na imponente S\u00e9 de Braga, onde a hist\u00f3ria e a espiritualidade se entrela\u00e7am em cada detalhe. Foi l\u00e1 que fomos recebidos pela peregrina Ana Maia, que, com generosidade, nos guiou pela sa\u00edda da S\u00e9, mal identificada, e nos presenteou com uma pulseira, uma seta e uma vieira pequena, verdadeiros mimos que carregamos com carinho neste caminho.Seguimos o percurso, predominantemente <span class=\"more-link\"><a href=\"https:\/\/www.debragaasantiago.com\/geira-arrieiros\/anabela-licinio-e-maria\/\" rel=\"nofollow\">Read More<\/a><\/span><\/p>\n","protected":false},"author":1,"featured_media":4146,"comment_status":"closed","ping_status":"open","sticky":false,"template":"","format":"standard","meta":{"_uag_custom_page_level_css":"","_genesis_hide_title":false,"_genesis_hide_breadcrumbs":false,"_genesis_hide_singular_image":false,"_genesis_hide_footer_widgets":false,"_genesis_custom_body_class":"","_genesis_custom_post_class":"","_genesis_layout":"","footnotes":""},"categories":[1,30,10],"tags":[],"class_list":{"0":"post-4138","1":"post","2":"type-post","3":"status-publish","4":"format-standard","5":"has-post-thumbnail","7":"category-peregrinos-camino-xacobeo-geira-romana-arrieiros","8":"category-novedades-2025","9":"category-peregrinos-camino-santiago-relatos","10":"entry"},"uagb_featured_image_src":{"full":["https:\/\/www.debragaasantiago.com\/geira-arrieiros\/alquiler\/peregrinos-portugues-camino-braga-2025-4.jpg",800,406,false],"thumbnail":["https:\/\/www.debragaasantiago.com\/geira-arrieiros\/alquiler\/peregrinos-portugues-camino-braga-2025-4-150x150.jpg",150,150,true],"medium":["https:\/\/www.debragaasantiago.com\/geira-arrieiros\/alquiler\/peregrinos-portugues-camino-braga-2025-4-300x152.jpg",300,152,true],"medium_large":["https:\/\/www.debragaasantiago.com\/geira-arrieiros\/alquiler\/peregrinos-portugues-camino-braga-2025-4-768x390.jpg",768,390,true],"large":["https:\/\/www.debragaasantiago.com\/geira-arrieiros\/alquiler\/peregrinos-portugues-camino-braga-2025-4.jpg",800,406,false],"1536x1536":["https:\/\/www.debragaasantiago.com\/geira-arrieiros\/alquiler\/peregrinos-portugues-camino-braga-2025-4.jpg",800,406,false],"2048x2048":["https:\/\/www.debragaasantiago.com\/geira-arrieiros\/alquiler\/peregrinos-portugues-camino-braga-2025-4.jpg",800,406,false],"Blog Thumbnail":["https:\/\/www.debragaasantiago.com\/geira-arrieiros\/alquiler\/peregrinos-portugues-camino-braga-2025-4-198x198.jpg",198,198,true],"store":["https:\/\/www.debragaasantiago.com\/geira-arrieiros\/alquiler\/peregrinos-portugues-camino-braga-2025-4-420x213.jpg",420,213,true]},"uagb_author_info":{"display_name":"Pilgrim","author_link":"https:\/\/www.debragaasantiago.com\/geira-arrieiros\/author\/gral\/"},"uagb_comment_info":0,"uagb_excerpt":"Anabela Henriques, Licinio Peixe e Maria Joao Silva compartiron a s\u00faa peregrinaci\u00f3n en Facebook. Moitas gracias! Etapa 1: De Braga a Caldelas 25\/01\/2025 O Caminho come\u00e7ou na imponente S\u00e9 de Braga, onde a hist\u00f3ria e a espiritualidade se entrela\u00e7am em cada detalhe. Foi l\u00e1 que fomos recebidos pela peregrina Ana Maia, que, com generosidade, nos&hellip;","_links":{"self":[{"href":"https:\/\/www.debragaasantiago.com\/geira-arrieiros\/wp-json\/wp\/v2\/posts\/4138","targetHints":{"allow":["GET"]}}],"collection":[{"href":"https:\/\/www.debragaasantiago.com\/geira-arrieiros\/wp-json\/wp\/v2\/posts"}],"about":[{"href":"https:\/\/www.debragaasantiago.com\/geira-arrieiros\/wp-json\/wp\/v2\/types\/post"}],"author":[{"embeddable":true,"href":"https:\/\/www.debragaasantiago.com\/geira-arrieiros\/wp-json\/wp\/v2\/users\/1"}],"replies":[{"embeddable":true,"href":"https:\/\/www.debragaasantiago.com\/geira-arrieiros\/wp-json\/wp\/v2\/comments?post=4138"}],"version-history":[{"count":6,"href":"https:\/\/www.debragaasantiago.com\/geira-arrieiros\/wp-json\/wp\/v2\/posts\/4138\/revisions"}],"predecessor-version":[{"id":4160,"href":"https:\/\/www.debragaasantiago.com\/geira-arrieiros\/wp-json\/wp\/v2\/posts\/4138\/revisions\/4160"}],"wp:featuredmedia":[{"embeddable":true,"href":"https:\/\/www.debragaasantiago.com\/geira-arrieiros\/wp-json\/wp\/v2\/media\/4146"}],"wp:attachment":[{"href":"https:\/\/www.debragaasantiago.com\/geira-arrieiros\/wp-json\/wp\/v2\/media?parent=4138"}],"wp:term":[{"taxonomy":"category","embeddable":true,"href":"https:\/\/www.debragaasantiago.com\/geira-arrieiros\/wp-json\/wp\/v2\/categories?post=4138"},{"taxonomy":"post_tag","embeddable":true,"href":"https:\/\/www.debragaasantiago.com\/geira-arrieiros\/wp-json\/wp\/v2\/tags?post=4138"}],"curies":[{"name":"wp","href":"https:\/\/api.w.org\/{rel}","templated":true}]}}