{"id":4121,"date":"2025-01-05T09:57:16","date_gmt":"2025-01-05T08:57:16","guid":{"rendered":"https:\/\/www.debragaasantiago.com\/geira-arrieiros\/?p=4121"},"modified":"2025-01-05T12:01:07","modified_gmt":"2025-01-05T11:01:07","slug":"a-estrada-recibio-a-mas-de-1-200-peregrinos-en-el-2024-gracias-al-camino-da-geira","status":"publish","type":"post","link":"https:\/\/www.debragaasantiago.com\/geira-arrieiros\/a-estrada-recibio-a-mas-de-1-200-peregrinos-en-el-2024-gracias-al-camino-da-geira\/","title":{"rendered":"A Estrada recibi\u00f3 a m\u00e1s de 1.200 peregrinos en el 2024 gracias al Cami\u00f1o da Geira"},"content":{"rendered":"\n<p>El Cami\u00f1o da Geira e dos Arrieiros, que parte de Braga (Portugal) y llega a Santiago atravesando entre otros los concellos de A Estrada y Forcarei, no para de crecer. En el a\u00f1o que acaba de terminar recibieron la Compostela un total de 690 peregrinos que llegaron a la capital gallega por esta ruta, lo que ya de por s\u00ed supone un crecimiento de m\u00e1s del 26%. No obstante, los impulsores del itinerario calculan que el n\u00famero total de peregrinos es muy superior, ya que solo una parte de los que terminan la ruta se preocupan por solicitar la Compostela para acreditarlo formalmente. Los promotores estiman que en el 2024 completaron el Cami\u00f1o da Geira e dos Arrieiros 1.247 peregrinos. De hecho, el paso de 839 de ellos est\u00e1 documentado fotogr\u00e1ficamente.<\/p>\n\n\n\n<!--more-->\n\n\n\n<div class=\"wp-block-uagb-image uagb-block-2336b055 wp-block-uagb-image--layout-default wp-block-uagb-image--effect-static wp-block-uagb-image--align-none\"><figure class=\"wp-block-uagb-image__figure\"><img decoding=\"async\" srcset=\"https:\/\/www.debragaasantiago.com\/geira-arrieiros\/alquiler\/primeiro-peregrino-2025-santiago-compostela-caminho.jpg ,https:\/\/www.debragaasantiago.com\/geira-arrieiros\/alquiler\/primeiro-peregrino-2025-santiago-compostela-caminho.jpg 780w, https:\/\/www.debragaasantiago.com\/geira-arrieiros\/alquiler\/primeiro-peregrino-2025-santiago-compostela-caminho.jpg 360w\" sizes=\"auto, (max-width: 480px) 150px\" src=\"https:\/\/www.debragaasantiago.com\/geira-arrieiros\/alquiler\/primeiro-peregrino-2025-santiago-compostela-caminho.jpg\" alt=\"\" class=\"uag-image-4099\" width=\"768\" height=\"430\" title=\"primeiro-peregrino-2025-santiago-compostela-caminho\" loading=\"lazy\" role=\"img\"\/><figcaption class=\"uagb-image-caption\">Carlos de Lisboa, el primer peregrino del a\u00f1o 2025.<\/figcaption><\/figure><\/div>\n\n\n\n<p>En la actualidad, casi la mitad de los peregrinos que inician el Camino de Santiago en Braga \u2014donde nacen cuatro itinerarios jacobeos\u2014 eligen el Cami\u00f1o da Geira. El a\u00f1o pasado, seg\u00fan los datos oficiales divulgados por la Oficina del Peregrino de Santiago, de las 1.124 personas que salieron de la localidad portuguesa para hacer el Camino, 509 optaron por el Cami\u00f1o da Geira. Hay que tener en cuenta, que hay caminantes que optan por iniciar la ruta en otro punto, por lo que el n\u00famero de peregrinos total es mayor.<\/p>\n\n\n\n<p>El Cami\u00f1o da Geira fue recorrido por peregrinos procedentes de 25 pa\u00edses, sobre todo Portugal (58,7%), Espa\u00f1a (25,3%) y Rep\u00fablica Checa (4,6%). No obstante, tambi\u00e9n los hubo llegados desde Alemania, Italia, Polonia, Brasil, Australia, Corea del Sur, M\u00e9xico, Canad\u00e1, Nueva Zelanda o Puerto Rico. La mayor\u00eda iniciaron el recorrido en Braga (73,8%) o en otros puntos de Portugal (23,3%). En Galicia se destacan localidades como Cortegada, Ribadavia o Ber\u00e1n, donde est\u00e1 localizado el kil\u00f3metro 100, la distancia m\u00ednima para recorrer a pie y lograr la Compostela.<\/p>\n\n\n\n<p>La religi\u00f3n es la principal motivaci\u00f3n de los peregrinos (53,9%). La mayor\u00eda recorrieron la Geira a pie (82,8%) y tienen edades entre 18 y 45 a\u00f1os (46,1%) y entre 46 y 65 (39,6%). Los meses m\u00e1s concurridos fueron los de junio, julio, agosto y mayo.<\/p>\n\n\n\n<p>Este viernes lleg\u00f3 a Codeseda (A Estrada) el primer peregrino del 2025 por el Cami\u00f1o da Geira, que sigue ganando adeptos.<\/p>\n<p>\u00a0<\/p>\n\n\n\n<p><a href=\"https:\/\/www.lavozdegalicia.es\/noticia\/deza\/a-estrada\/2025\/01\/04\/estrada-recibio-1200-peregrinos-2024-gracias-camino-da-geira\/00031736007675427755811.htm\" target=\"_blank\" rel=\"noreferrer noopener nofollow\"><strong>Noticia de La Voz de Galicia<\/strong><\/a><\/p>\n\n\n","protected":false},"excerpt":{"rendered":"<p>El Cami\u00f1o da Geira e dos Arrieiros, que parte de Braga (Portugal) y llega a Santiago atravesando entre otros los concellos de A Estrada y Forcarei, no para de crecer. En el a\u00f1o que acaba de terminar recibieron la Compostela un total de 690 peregrinos que llegaron a la capital gallega por esta ruta, lo que ya de por s\u00ed supone un crecimiento de m\u00e1s del 26%. No obstante, los impulsores del itinerario calculan que el n\u00famero total de peregrinos es muy superior, ya que <span class=\"more-link\"><a href=\"https:\/\/www.debragaasantiago.com\/geira-arrieiros\/a-estrada-recibio-a-mas-de-1-200-peregrinos-en-el-2024-gracias-al-camino-da-geira\/\" rel=\"nofollow\">Read More<\/a><\/span><\/p>\n","protected":false},"author":1,"featured_media":4036,"comment_status":"closed","ping_status":"open","sticky":false,"template":"","format":"standard","meta":{"_uag_custom_page_level_css":"","_genesis_hide_title":false,"_genesis_hide_breadcrumbs":false,"_genesis_hide_singular_image":false,"_genesis_hide_footer_widgets":false,"_genesis_custom_body_class":"","_genesis_custom_post_class":"","_genesis_layout":"","footnotes":""},"categories":[1,30,26],"tags":[],"class_list":{"0":"post-4121","1":"post","2":"type-post","3":"status-publish","4":"format-standard","5":"has-post-thumbnail","7":"category-peregrinos-camino-xacobeo-geira-romana-arrieiros","8":"category-novedades-2025","9":"category-estadisticas","10":"entry"},"uagb_featured_image_src":{"full":["https:\/\/www.debragaasantiago.com\/geira-arrieiros\/alquiler\/estatisiticas-peregrinos-inicio-braga-2024-10.jpeg",800,898,false],"thumbnail":["https:\/\/www.debragaasantiago.com\/geira-arrieiros\/alquiler\/estatisiticas-peregrinos-inicio-braga-2024-10-150x150.jpeg",150,150,true],"medium":["https:\/\/www.debragaasantiago.com\/geira-arrieiros\/alquiler\/estatisiticas-peregrinos-inicio-braga-2024-10-267x300.jpeg",267,300,true],"medium_large":["https:\/\/www.debragaasantiago.com\/geira-arrieiros\/alquiler\/estatisiticas-peregrinos-inicio-braga-2024-10-768x862.jpeg",768,862,true],"large":["https:\/\/www.debragaasantiago.com\/geira-arrieiros\/alquiler\/estatisiticas-peregrinos-inicio-braga-2024-10.jpeg",800,898,false],"1536x1536":["https:\/\/www.debragaasantiago.com\/geira-arrieiros\/alquiler\/estatisiticas-peregrinos-inicio-braga-2024-10.jpeg",800,898,false],"2048x2048":["https:\/\/www.debragaasantiago.com\/geira-arrieiros\/alquiler\/estatisiticas-peregrinos-inicio-braga-2024-10.jpeg",800,898,false],"Blog Thumbnail":["https:\/\/www.debragaasantiago.com\/geira-arrieiros\/alquiler\/estatisiticas-peregrinos-inicio-braga-2024-10-198x198.jpeg",198,198,true],"store":["https:\/\/www.debragaasantiago.com\/geira-arrieiros\/alquiler\/estatisiticas-peregrinos-inicio-braga-2024-10-237x266.jpeg",237,266,true]},"uagb_author_info":{"display_name":"Pilgrim","author_link":"https:\/\/www.debragaasantiago.com\/geira-arrieiros\/author\/gral\/"},"uagb_comment_info":0,"uagb_excerpt":"El Cami\u00f1o da Geira e dos Arrieiros, que parte de Braga (Portugal) y llega a Santiago atravesando entre otros los concellos de A Estrada y Forcarei, no para de crecer. En el a\u00f1o que acaba de terminar recibieron la Compostela un total de 690 peregrinos que llegaron a la capital gallega por esta ruta, lo&hellip;","_links":{"self":[{"href":"https:\/\/www.debragaasantiago.com\/geira-arrieiros\/wp-json\/wp\/v2\/posts\/4121","targetHints":{"allow":["GET"]}}],"collection":[{"href":"https:\/\/www.debragaasantiago.com\/geira-arrieiros\/wp-json\/wp\/v2\/posts"}],"about":[{"href":"https:\/\/www.debragaasantiago.com\/geira-arrieiros\/wp-json\/wp\/v2\/types\/post"}],"author":[{"embeddable":true,"href":"https:\/\/www.debragaasantiago.com\/geira-arrieiros\/wp-json\/wp\/v2\/users\/1"}],"replies":[{"embeddable":true,"href":"https:\/\/www.debragaasantiago.com\/geira-arrieiros\/wp-json\/wp\/v2\/comments?post=4121"}],"version-history":[{"count":3,"href":"https:\/\/www.debragaasantiago.com\/geira-arrieiros\/wp-json\/wp\/v2\/posts\/4121\/revisions"}],"predecessor-version":[{"id":4127,"href":"https:\/\/www.debragaasantiago.com\/geira-arrieiros\/wp-json\/wp\/v2\/posts\/4121\/revisions\/4127"}],"wp:featuredmedia":[{"embeddable":true,"href":"https:\/\/www.debragaasantiago.com\/geira-arrieiros\/wp-json\/wp\/v2\/media\/4036"}],"wp:attachment":[{"href":"https:\/\/www.debragaasantiago.com\/geira-arrieiros\/wp-json\/wp\/v2\/media?parent=4121"}],"wp:term":[{"taxonomy":"category","embeddable":true,"href":"https:\/\/www.debragaasantiago.com\/geira-arrieiros\/wp-json\/wp\/v2\/categories?post=4121"},{"taxonomy":"post_tag","embeddable":true,"href":"https:\/\/www.debragaasantiago.com\/geira-arrieiros\/wp-json\/wp\/v2\/tags?post=4121"}],"curies":[{"name":"wp","href":"https:\/\/api.w.org\/{rel}","templated":true}]}}