{"id":4098,"date":"2025-01-03T22:40:03","date_gmt":"2025-01-03T21:40:03","guid":{"rendered":"https:\/\/www.debragaasantiago.com\/geira-arrieiros\/?p=4098"},"modified":"2025-01-04T11:16:44","modified_gmt":"2025-01-04T10:16:44","slug":"primer-peregrino-de-2025","status":"publish","type":"post","link":"https:\/\/www.debragaasantiago.com\/geira-arrieiros\/primer-peregrino-de-2025\/","title":{"rendered":"Primer peregrino de 2025"},"content":{"rendered":"\n<p>Nada m\u00e1is empezar o ano 2025 xa hai un peregrino que est\u00e1 a punto de rematar a s\u00faa peregrinaci\u00f3n polo CGA. Tr\u00e1tase de Carlos, un veci\u00f1o de Lisboa que o venres 3 de xaneiro rematou a etapa en Codeseda e ten previsto chegar a Compostela dous d\u00edas despois.<\/p>\n\n\n\n<!--more-->\n\n\n\n<div class=\"wp-block-uagb-image uagb-block-47290616 wp-block-uagb-image--layout-default wp-block-uagb-image--effect-static wp-block-uagb-image--align-none\"><figure class=\"wp-block-uagb-image__figure\"><img decoding=\"async\" srcset=\"https:\/\/www.debragaasantiago.com\/geira-arrieiros\/alquiler\/primeiro-peregrino-2025-santiago-compostela-caminho.jpg ,https:\/\/www.debragaasantiago.com\/geira-arrieiros\/alquiler\/primeiro-peregrino-2025-santiago-compostela-caminho.jpg 780w, https:\/\/www.debragaasantiago.com\/geira-arrieiros\/alquiler\/primeiro-peregrino-2025-santiago-compostela-caminho.jpg 360w\" sizes=\"auto, (max-width: 480px) 150px\" src=\"https:\/\/www.debragaasantiago.com\/geira-arrieiros\/alquiler\/primeiro-peregrino-2025-santiago-compostela-caminho.jpg\" alt=\"\" class=\"uag-image-4099\" width=\"800\" height=\"991\" title=\"primeiro-peregrino-2025-santiago-compostela-caminho\" loading=\"lazy\" role=\"img\"\/><\/figure><\/div>\n","protected":false},"excerpt":{"rendered":"<p>Nada m\u00e1is empezar o ano 2025 xa hai un peregrino que est\u00e1 a punto de rematar a s\u00faa peregrinaci\u00f3n polo CGA. Tr\u00e1tase de Carlos, un veci\u00f1o de Lisboa que o venres 3 de xaneiro rematou a etapa en Codeseda e ten previsto chegar a Compostela dous d\u00edas despois.<\/p>\n","protected":false},"author":1,"featured_media":4099,"comment_status":"closed","ping_status":"open","sticky":false,"template":"","format":"standard","meta":{"_uag_custom_page_level_css":"","_genesis_hide_title":false,"_genesis_hide_breadcrumbs":false,"_genesis_hide_singular_image":false,"_genesis_hide_footer_widgets":false,"_genesis_custom_body_class":"","_genesis_custom_post_class":"","_genesis_layout":"","footnotes":""},"categories":[1,30,26],"tags":[],"class_list":{"0":"post-4098","1":"post","2":"type-post","3":"status-publish","4":"format-standard","5":"has-post-thumbnail","7":"category-peregrinos-camino-xacobeo-geira-romana-arrieiros","8":"category-novedades-2025","9":"category-estadisticas","10":"entry"},"uagb_featured_image_src":{"full":["https:\/\/www.debragaasantiago.com\/geira-arrieiros\/alquiler\/primeiro-peregrino-2025-santiago-compostela-caminho.jpg",800,991,false],"thumbnail":["https:\/\/www.debragaasantiago.com\/geira-arrieiros\/alquiler\/primeiro-peregrino-2025-santiago-compostela-caminho-150x150.jpg",150,150,true],"medium":["https:\/\/www.debragaasantiago.com\/geira-arrieiros\/alquiler\/primeiro-peregrino-2025-santiago-compostela-caminho-242x300.jpg",242,300,true],"medium_large":["https:\/\/www.debragaasantiago.com\/geira-arrieiros\/alquiler\/primeiro-peregrino-2025-santiago-compostela-caminho-768x951.jpg",768,951,true],"large":["https:\/\/www.debragaasantiago.com\/geira-arrieiros\/alquiler\/primeiro-peregrino-2025-santiago-compostela-caminho.jpg",800,991,false],"1536x1536":["https:\/\/www.debragaasantiago.com\/geira-arrieiros\/alquiler\/primeiro-peregrino-2025-santiago-compostela-caminho.jpg",800,991,false],"2048x2048":["https:\/\/www.debragaasantiago.com\/geira-arrieiros\/alquiler\/primeiro-peregrino-2025-santiago-compostela-caminho.jpg",800,991,false],"Blog Thumbnail":["https:\/\/www.debragaasantiago.com\/geira-arrieiros\/alquiler\/primeiro-peregrino-2025-santiago-compostela-caminho-198x198.jpg",198,198,true],"store":["https:\/\/www.debragaasantiago.com\/geira-arrieiros\/alquiler\/primeiro-peregrino-2025-santiago-compostela-caminho-215x266.jpg",215,266,true]},"uagb_author_info":{"display_name":"Pilgrim","author_link":"https:\/\/www.debragaasantiago.com\/geira-arrieiros\/author\/gral\/"},"uagb_comment_info":0,"uagb_excerpt":"Nada m\u00e1is empezar o ano 2025 xa hai un peregrino que est\u00e1 a punto de rematar a s\u00faa peregrinaci\u00f3n polo CGA. Tr\u00e1tase de Carlos, un veci\u00f1o de Lisboa que o venres 3 de xaneiro rematou a etapa en Codeseda e ten previsto chegar a Compostela dous d\u00edas despois.","_links":{"self":[{"href":"https:\/\/www.debragaasantiago.com\/geira-arrieiros\/wp-json\/wp\/v2\/posts\/4098","targetHints":{"allow":["GET"]}}],"collection":[{"href":"https:\/\/www.debragaasantiago.com\/geira-arrieiros\/wp-json\/wp\/v2\/posts"}],"about":[{"href":"https:\/\/www.debragaasantiago.com\/geira-arrieiros\/wp-json\/wp\/v2\/types\/post"}],"author":[{"embeddable":true,"href":"https:\/\/www.debragaasantiago.com\/geira-arrieiros\/wp-json\/wp\/v2\/users\/1"}],"replies":[{"embeddable":true,"href":"https:\/\/www.debragaasantiago.com\/geira-arrieiros\/wp-json\/wp\/v2\/comments?post=4098"}],"version-history":[{"count":1,"href":"https:\/\/www.debragaasantiago.com\/geira-arrieiros\/wp-json\/wp\/v2\/posts\/4098\/revisions"}],"predecessor-version":[{"id":4100,"href":"https:\/\/www.debragaasantiago.com\/geira-arrieiros\/wp-json\/wp\/v2\/posts\/4098\/revisions\/4100"}],"wp:featuredmedia":[{"embeddable":true,"href":"https:\/\/www.debragaasantiago.com\/geira-arrieiros\/wp-json\/wp\/v2\/media\/4099"}],"wp:attachment":[{"href":"https:\/\/www.debragaasantiago.com\/geira-arrieiros\/wp-json\/wp\/v2\/media?parent=4098"}],"wp:term":[{"taxonomy":"category","embeddable":true,"href":"https:\/\/www.debragaasantiago.com\/geira-arrieiros\/wp-json\/wp\/v2\/categories?post=4098"},{"taxonomy":"post_tag","embeddable":true,"href":"https:\/\/www.debragaasantiago.com\/geira-arrieiros\/wp-json\/wp\/v2\/tags?post=4098"}],"curies":[{"name":"wp","href":"https:\/\/api.w.org\/{rel}","templated":true}]}}