{"id":4065,"date":"2024-11-29T09:05:05","date_gmt":"2024-11-29T08:05:05","guid":{"rendered":"https:\/\/www.debragaasantiago.com\/geira-arrieiros\/?p=4065"},"modified":"2025-01-04T10:45:18","modified_gmt":"2025-01-04T09:45:18","slug":"caldelas-recebe-o-lancamento-nacional-de-livro-sobre-o-caminho-da-geira-e-dos-arrieiros","status":"publish","type":"post","link":"https:\/\/www.debragaasantiago.com\/geira-arrieiros\/caldelas-recebe-o-lancamento-nacional-de-livro-sobre-o-caminho-da-geira-e-dos-arrieiros\/","title":{"rendered":"Caldelas recebe o lan\u00e7amento nacional de livro sobre o CGA"},"content":{"rendered":"\n<p>A vila de Caldelas, em Amares, vai acolher a apresenta\u00e7\u00e3o nacional do livro \u2018Um Caminho que o tempo n\u00e3o apagou\u2019, da autoria de Lu\u00eds Ferreira, que retrata o \u2018Caminho da Geira e dos Arrieiros\u2019. A cerim\u00f3nia est\u00e1 marcada para o pr\u00f3ximo s\u00e1bado, dia 30 de Novembro, com in\u00edcio \u00e0s 16h30, no Audit\u00f3rio de Santiago de Caldelas.<\/p>\n\n\n\n<!--more-->\n\n\n\n<p>\u00abUm livro onde coleciona mem\u00f3rias, emo\u00e7\u00f5es, descobertas, um relato na primeira pessoa, que pretende simultaneamente levar o leitor, a caminhar consigo ao longo da milenar rota, atrav\u00e9s das bel\u00edssimas (mas duras) paisagens do Ger\u00eas\u00bb, descreve a editora.<\/p>\n\n\n\n<div class=\"wp-block-uagb-image uagb-block-5c205c8e wp-block-uagb-image--layout-default wp-block-uagb-image--effect-static wp-block-uagb-image--align-none\"><figure class=\"wp-block-uagb-image__figure\"><img decoding=\"async\" srcset=\"https:\/\/www.debragaasantiago.com\/geira-arrieiros\/alquiler\/caminho-geira-luis-ferreira-1024x576-1.jpg ,https:\/\/www.debragaasantiago.com\/geira-arrieiros\/alquiler\/caminho-geira-luis-ferreira-1024x576-1.jpg 780w, https:\/\/www.debragaasantiago.com\/geira-arrieiros\/alquiler\/caminho-geira-luis-ferreira-1024x576-1.jpg 360w\" sizes=\"auto, (max-width: 480px) 150px\" src=\"https:\/\/www.debragaasantiago.com\/geira-arrieiros\/alquiler\/caminho-geira-luis-ferreira-1024x576-1.jpg\" alt=\"\" class=\"uag-image-4068\" width=\"1024\" height=\"576\" title=\"caminho-geira-luis-ferreira-1024x576\" loading=\"lazy\" role=\"img\"\/><\/figure><\/div>\n\n\n\n<h3 class=\"wp-block-heading\">O AUTOR E O CAMINHO DE SANTIAGO<\/h3>\n\n\n\n<p>O autor nasceu no Barreiro a 8 de maio de 1970 e vive atualmente em Alcochete. Iniciou a sua atividade liter\u00e1ria em 2007, publicando diversos livros de poesia, at\u00e9 2011. Em 2012, a sua carreira liter\u00e1ria toma outro rumo ao descobrir e percorrer o Caminho de Santiago.<\/p>\n\n\n\n<p>Essa paix\u00e3o reflete-se no primeiro livro de prosa que publica, em 2013, com o t\u00edtulo \u201cEntre o Sil\u00eancio das Pedras\u201d, que conta com diversas edi\u00e7\u00f5es, uma delas no mercado polaco em 2019.<\/p>\n\n\n\n<p>Ao longo dos anos seguintes, escreve mais 6 outras obras sobre o Caminho, em 2024, o seu livro \u201c282\u201d, editado em 2023, um livro num registo muito pessoal ap\u00f3s ter percorrido o Caminho Portugu\u00eas da Costa, entra para o Plano Nacional de Leitura.<\/p>\n\n\n\n<p>A sua dedica\u00e7\u00e3o ao Caminho de Santiago j\u00e1 lhe valeu diversas homenagens na Galiza e em Portugal, onde \u00e9 unanimemente conhecido como o maior autor de fic\u00e7\u00e3o sobre este tema.<\/p>\n\n\n\n<p>Em 2020, aproveitando a pausa devido \u00e0 pandemia, decide al\u00e9m dos seus trabalhos de investiga\u00e7\u00e3o e divulga\u00e7\u00e3o sobre o tema, frequentar tr\u00eas cursos de reconhecimento acad\u00e9mico, sobre o Caminho de Santiago e o fen\u00f3meno Jacobeu, realizados com a parceria Miriadax\/Universidade de Santiago de Compostela.<\/p>\n\n\n\n<p>Todos os anos, o autor sente uma vontade inexplic\u00e1vel de peregrinar at\u00e9 Santiago de Compostela, j\u00e1 realizou e percorreu os Caminhos por mais de vinte e sete vezes. Ap\u00f3s muito ouvir falar sobre o hist\u00f3rico Caminho da Geira e Arrieiros, em 2023, realiza o mesmo, com a sua companheira de jornada e de vida, Leonor.<\/p>\n\n\n\n<p>A beleza que encontra, a envolv\u00eancia em que mergulha, acaba por o inspirar para a sua oitava obra sobre o tema, assim nasce, \u201cUm caminho que o tempo n\u00e3o apagou\u201d, um livro tamb\u00e9m ele num estilo muito pessoal, classificado dentro da literatura de viagem, onde aborda a sua peregrina\u00e7\u00e3o ao longo das 10 etapas e dos 239 quil\u00f3metros, entre Braga e Santiago de Compostela.<\/p>\n\n\n\n<p>Um livro onde coleciona mem\u00f3rias, emo\u00e7\u00f5es, descobertas, um relato na primeira pessoa, que pretende simultaneamente levar o leitor, a caminhar consigo ao longo da milenar rota, atrav\u00e9s das bel\u00edssimas (mas duras) paisagens do Ger\u00eas.<\/p>\n\n\n\n<p>O Caminho da Geira e dos Arrieiros para o autor \u00e9 muito mais que um caminho, o seu oitavo trabalho liter\u00e1rio \u201cUm caminho que o tempo n\u00e3o apagou\u201d \u00e9 tamb\u00e9m muito mais que um livro.<\/p>\n<p>\u00a0<\/p>\n\n\n\n<p class=\"has-small-font-size\">Noticia: <a href=\"https:\/\/oamarense.pt\/caldelas-recebe-o-lancamento-nacional-de-livro-sobre-o-caminho-da-geira-e-dos-arrieiros\/?fbclid=IwY2xjawG1tyZleHRuA2FlbQIxMQABHRkNnwtD0x6pIjdeDF7TJ60toe9ieiLC4bERp_wo-q5hUHT7Q9-Te6CheA_aem_EMgtg2VnHuXl6AcJzFICWg\">https:\/\/oamarense.pt\/caldelas-recebe-o-lancamento-nacional-de-livro-sobre-o-caminho-da-geira-e-dos-arrieiros\/<\/a><\/p>\n","protected":false},"excerpt":{"rendered":"<p>A vila de Caldelas, em Amares, vai acolher a apresenta\u00e7\u00e3o nacional do livro \u2018Um Caminho que o tempo n\u00e3o apagou\u2019, da autoria de Lu\u00eds Ferreira, que retrata o \u2018Caminho da Geira e dos Arrieiros\u2019. A cerim\u00f3nia est\u00e1 marcada para o pr\u00f3ximo s\u00e1bado, dia 30 de Novembro, com in\u00edcio \u00e0s 16h30, no Audit\u00f3rio de Santiago de Caldelas.<\/p>\n","protected":false},"author":1,"featured_media":4068,"comment_status":"closed","ping_status":"open","sticky":false,"template":"","format":"standard","meta":{"_uag_custom_page_level_css":"","_genesis_hide_title":false,"_genesis_hide_breadcrumbs":false,"_genesis_hide_singular_image":false,"_genesis_hide_footer_widgets":false,"_genesis_custom_body_class":"","_genesis_custom_post_class":"","_genesis_layout":"","footnotes":""},"categories":[1,25,27],"tags":[],"class_list":{"0":"post-4065","1":"post","2":"type-post","3":"status-publish","4":"format-standard","5":"has-post-thumbnail","7":"category-peregrinos-camino-xacobeo-geira-romana-arrieiros","8":"category-novedades-2024","9":"category-prensa-e-publicacions","10":"entry"},"uagb_featured_image_src":{"full":["https:\/\/www.debragaasantiago.com\/geira-arrieiros\/alquiler\/caminho-geira-luis-ferreira-1024x576-1.jpg",1024,576,false],"thumbnail":["https:\/\/www.debragaasantiago.com\/geira-arrieiros\/alquiler\/caminho-geira-luis-ferreira-1024x576-1-150x150.jpg",150,150,true],"medium":["https:\/\/www.debragaasantiago.com\/geira-arrieiros\/alquiler\/caminho-geira-luis-ferreira-1024x576-1-300x169.jpg",300,169,true],"medium_large":["https:\/\/www.debragaasantiago.com\/geira-arrieiros\/alquiler\/caminho-geira-luis-ferreira-1024x576-1-768x432.jpg",768,432,true],"large":["https:\/\/www.debragaasantiago.com\/geira-arrieiros\/alquiler\/caminho-geira-luis-ferreira-1024x576-1.jpg",1024,576,false],"1536x1536":["https:\/\/www.debragaasantiago.com\/geira-arrieiros\/alquiler\/caminho-geira-luis-ferreira-1024x576-1.jpg",1024,576,false],"2048x2048":["https:\/\/www.debragaasantiago.com\/geira-arrieiros\/alquiler\/caminho-geira-luis-ferreira-1024x576-1.jpg",1024,576,false],"Blog Thumbnail":["https:\/\/www.debragaasantiago.com\/geira-arrieiros\/alquiler\/caminho-geira-luis-ferreira-1024x576-1-198x198.jpg",198,198,true],"store":["https:\/\/www.debragaasantiago.com\/geira-arrieiros\/alquiler\/caminho-geira-luis-ferreira-1024x576-1-420x236.jpg",420,236,true]},"uagb_author_info":{"display_name":"Pilgrim","author_link":"https:\/\/www.debragaasantiago.com\/geira-arrieiros\/author\/gral\/"},"uagb_comment_info":0,"uagb_excerpt":"A vila de Caldelas, em Amares, vai acolher a apresenta\u00e7\u00e3o nacional do livro \u2018Um Caminho que o tempo n\u00e3o apagou\u2019, da autoria de Lu\u00eds Ferreira, que retrata o \u2018Caminho da Geira e dos Arrieiros\u2019. A cerim\u00f3nia est\u00e1 marcada para o pr\u00f3ximo s\u00e1bado, dia 30 de Novembro, com in\u00edcio \u00e0s 16h30, no Audit\u00f3rio de Santiago de&hellip;","_links":{"self":[{"href":"https:\/\/www.debragaasantiago.com\/geira-arrieiros\/wp-json\/wp\/v2\/posts\/4065","targetHints":{"allow":["GET"]}}],"collection":[{"href":"https:\/\/www.debragaasantiago.com\/geira-arrieiros\/wp-json\/wp\/v2\/posts"}],"about":[{"href":"https:\/\/www.debragaasantiago.com\/geira-arrieiros\/wp-json\/wp\/v2\/types\/post"}],"author":[{"embeddable":true,"href":"https:\/\/www.debragaasantiago.com\/geira-arrieiros\/wp-json\/wp\/v2\/users\/1"}],"replies":[{"embeddable":true,"href":"https:\/\/www.debragaasantiago.com\/geira-arrieiros\/wp-json\/wp\/v2\/comments?post=4065"}],"version-history":[{"count":4,"href":"https:\/\/www.debragaasantiago.com\/geira-arrieiros\/wp-json\/wp\/v2\/posts\/4065\/revisions"}],"predecessor-version":[{"id":4071,"href":"https:\/\/www.debragaasantiago.com\/geira-arrieiros\/wp-json\/wp\/v2\/posts\/4065\/revisions\/4071"}],"wp:featuredmedia":[{"embeddable":true,"href":"https:\/\/www.debragaasantiago.com\/geira-arrieiros\/wp-json\/wp\/v2\/media\/4068"}],"wp:attachment":[{"href":"https:\/\/www.debragaasantiago.com\/geira-arrieiros\/wp-json\/wp\/v2\/media?parent=4065"}],"wp:term":[{"taxonomy":"category","embeddable":true,"href":"https:\/\/www.debragaasantiago.com\/geira-arrieiros\/wp-json\/wp\/v2\/categories?post=4065"},{"taxonomy":"post_tag","embeddable":true,"href":"https:\/\/www.debragaasantiago.com\/geira-arrieiros\/wp-json\/wp\/v2\/tags?post=4065"}],"curies":[{"name":"wp","href":"https:\/\/api.w.org\/{rel}","templated":true}]}}