{"id":3892,"date":"2024-05-14T09:44:01","date_gmt":"2024-05-14T07:44:01","guid":{"rendered":"https:\/\/www.debragaasantiago.com\/geira-arrieiros\/?p=3892"},"modified":"2024-12-01T11:22:39","modified_gmt":"2024-12-01T10:22:39","slug":"relatos-de-stefanie-goncalves-maio-2024","status":"publish","type":"post","link":"https:\/\/www.debragaasantiago.com\/geira-arrieiros\/relatos-de-stefanie-goncalves-maio-2024\/","title":{"rendered":"Relatos de Stefanie Gon\u00e7alves (maio 2024)"},"content":{"rendered":"\n<p><img loading=\"lazy\" decoding=\"async\" height=\"16\" width=\"16\" src=\"https:\/\/static.xx.fbcdn.net\/images\/emoji.php\/v9\/t15\/1\/16\/1f49b.png\" alt=\"\ud83d\udc9b\"> Caminho da Geira e dos Arrieiros. Um caminho ainda pouco conhecido, com in\u00edcio na S\u00e9 de Braga, num total de 239km. <a href=\"https:\/\/www.facebook.com\/groups\/544764125895308\/user\/100001054148062\" target=\"_blank\" rel=\"noreferrer noopener nofollow\">Stefanie Gon\u00e7alves<\/a> <\/p>\n\n\n\n<!--more-->\n\n\n\n<h2 class=\"wp-block-heading\">1\u00b0 Etapa: Braga &#8211; Caldelas &#8211; 17km.<\/h2>\n\n\n\n<p>Um <a><\/a>percurso maioritariamente em alcatr\u00e3o, com alguma oferta de caf\u00e9s\/restaurantes. Em Caldelas tem Termas (pagas) e um pequeno parque de lazer muito relaxante <img loading=\"lazy\" decoding=\"async\" height=\"16\" width=\"16\" alt=\"\ud83e\udd0d\" src=\"https:\/\/static.xx.fbcdn.net\/images\/emoji.php\/v9\/tc5\/1\/16\/1f90d.png\"> Devo dizer que os peregrinos s\u00e3o muito bem acolhidos pelo Presidente da Junta, a quem agrade\u00e7o todos os conselhos dados <img loading=\"lazy\" decoding=\"async\" height=\"16\" width=\"16\" alt=\"\ud83d\udc4c\" src=\"https:\/\/static.xx.fbcdn.net\/images\/emoji.php\/v9\/t7b\/1\/16\/1f44c.png\"><\/p>\n\n\n\n<p>Hoje n\u00e3o cruzei com nenhum peregrino e tive direito a um albergue por minha conta <img loading=\"lazy\" decoding=\"async\" height=\"16\" width=\"16\" alt=\"\ud83e\udd23\" src=\"https:\/\/static.xx.fbcdn.net\/images\/emoji.php\/v9\/t52\/1\/16\/1f923.png\"><\/p>\n\n\n\n<div class=\"wp-block-uagb-image aligncenter uagb-block-63fb7855 wp-block-uagb-image--layout-default wp-block-uagb-image--effect-static wp-block-uagb-image--align-center\"><figure class=\"wp-block-uagb-image__figure\"><img decoding=\"async\" srcset=\"https:\/\/www.debragaasantiago.com\/geira-arrieiros\/alquiler\/Camino-santiago-portugal-2024-geira-arrieiros-etapa1-3.jpg ,https:\/\/www.debragaasantiago.com\/geira-arrieiros\/alquiler\/Camino-santiago-portugal-2024-geira-arrieiros-etapa1-3.jpg 780w, https:\/\/www.debragaasantiago.com\/geira-arrieiros\/alquiler\/Camino-santiago-portugal-2024-geira-arrieiros-etapa1-3.jpg 360w\" sizes=\"auto, (max-width: 480px) 150px\" src=\"https:\/\/www.debragaasantiago.com\/geira-arrieiros\/alquiler\/Camino-santiago-portugal-2024-geira-arrieiros-etapa1-3.jpg\" alt=\"\" class=\"uag-image-3893\" width=\"600\" height=\"800\" title=\"Camino-santiago-portugal-2024-geira-arrieiros-etapa1-3\" loading=\"lazy\" role=\"img\"\/><\/figure><\/div>\n\n\n\n<h2 class=\"wp-block-heading\">2\u00b0 Etapa: Caldelas &#8211; Campo Ger\u00eas<\/h2>\n\n\n\n<p>26-29km dependendo do percurso.<br>Desn\u00edvel total: 1500m (pela Geira).<br>Apenas 20% do percurso em alcatr\u00e3o. O restante? Perdida na floresta \ud83d\ude0d<br>Uma etapa exigente mas simultaneamente encantadora \ud83d\udc9b<\/p>\n\n\n\n<p>Cerca de 9km ap\u00f3s sair de Caldelas, existem duas op\u00e7\u00f5es trajeto:<\/p>\n\n\n\n<ul class=\"wp-block-list\">\n<li>por Terras do Bouro: cerca de ~5km mas com desn\u00edvel total &gt; 500m. Aqui existe alojamento e restaura\u00e7\u00e3o\/caf\u00e9s.<\/li>\n\n\n\n<li>pela Geira: ~7km, no entanto sem grandes desn\u00edveis. Se optar por esta rota, aconselho vivamente a levar refor\u00e7os alimentares, uma vez que at\u00e9 Covide n\u00e3o tem nada dispon\u00edvel.<br>Uma etapa desafiante a v\u00e1rios n\u00edveis: elasticidade, salto em comprimento, equil\u00edbrio, agachamentos, etc \ud83e\udd23\ud83e\udd23<br>Requer bastante cuidado e aten\u00e7\u00e3o, uma vez que existem travessias ainda inundadas e lameadas devido \u00e0s \u00faltimas chuvas (n\u00e3o consigo imaginar como ser\u00e1 quando chove). Numa delas optei por faz\u00ea-la descal\u00e7a uma vez que na minha perpestiva era dif\u00edcil atrevessar em seguran\u00e7a sem molhar o cal\u00e7ado.<br>E foi a melhor decis\u00e3o que tomei. Aquela \u00e1gua corrente t\u00e3o fresquinha deixaram-me uma sensa\u00e7\u00e3o maravilhosa nos p\u00e9s. T\u00e3o relaxante\u2026! Foi como se tivessem acabado de sair da cama.<br>As minhas melhores amigas hoje: as canadianas. Evitaram muitas idas ao charco \ud83e\udd23<br>Valeu cada esfor\u00e7o extra que as pernas tiveram de fazer \ud83d\udc9b<\/li>\n<\/ul>\n\n\n\n<div class=\"wp-block-uagb-image aligncenter uagb-block-a04d81d4 wp-block-uagb-image--layout-default wp-block-uagb-image--effect-static wp-block-uagb-image--align-center\"><figure class=\"wp-block-uagb-image__figure\"><img decoding=\"async\" srcset=\"https:\/\/www.debragaasantiago.com\/geira-arrieiros\/alquiler\/Camino-santiago-portugal-2024-geira-arrieiros-etapa2-1.jpg ,https:\/\/www.debragaasantiago.com\/geira-arrieiros\/alquiler\/Camino-santiago-portugal-2024-geira-arrieiros-etapa2-1.jpg 780w, https:\/\/www.debragaasantiago.com\/geira-arrieiros\/alquiler\/Camino-santiago-portugal-2024-geira-arrieiros-etapa2-1.jpg 360w\" sizes=\"auto, (max-width: 480px) 150px\" src=\"https:\/\/www.debragaasantiago.com\/geira-arrieiros\/alquiler\/Camino-santiago-portugal-2024-geira-arrieiros-etapa2-1.jpg\" alt=\"\" class=\"uag-image-3903\" width=\"800\" height=\"600\" title=\"Camino-santiago-portugal-2024-geira-arrieiros-etapa2-1\" loading=\"lazy\" role=\"img\"\/><\/figure><\/div>\n\n\n\n<div class=\"wp-block-uagb-image aligncenter uagb-block-2fd47158 wp-block-uagb-image--layout-default wp-block-uagb-image--effect-static wp-block-uagb-image--align-center\"><figure class=\"wp-block-uagb-image__figure\"><img decoding=\"async\" srcset=\"https:\/\/www.debragaasantiago.com\/geira-arrieiros\/alquiler\/Camino-santiago-portugal-2024-geira-arrieiros-etapa2-2.jpg ,https:\/\/www.debragaasantiago.com\/geira-arrieiros\/alquiler\/Camino-santiago-portugal-2024-geira-arrieiros-etapa2-2.jpg 780w, https:\/\/www.debragaasantiago.com\/geira-arrieiros\/alquiler\/Camino-santiago-portugal-2024-geira-arrieiros-etapa2-2.jpg 360w\" sizes=\"auto, (max-width: 480px) 150px\" src=\"https:\/\/www.debragaasantiago.com\/geira-arrieiros\/alquiler\/Camino-santiago-portugal-2024-geira-arrieiros-etapa2-2.jpg\" alt=\"\" class=\"uag-image-3905\" width=\"800\" height=\"516\" title=\"Camino-santiago-portugal-2024-geira-arrieiros-etapa2-2\" loading=\"lazy\" role=\"img\"\/><\/figure><\/div>\n\n\n\n<h2 class=\"wp-block-heading\">3\u00b0 Etapa: Campo Ger\u00eas &#8211; Lobios<\/h2>\n\n\n\n<p>23km; desnivel: 1000m<br>Etapa lind\u00edssima \ud83d\udc9a que passa pela barragem, a famosa Mata da Albergaria e continua pela via romana. Quase todo o percurso \u00e9 em zonas verdes.<br>Uma etapa mais \u00abf\u00e1cil\u00bb do que a anterior \ud83e\udd23 mas novamente sem caf\u00e9s\/restaurantes at\u00e9 Os Ba\u00f1os. Existe um na fronteira mas nem sempre est\u00e1 aberto. Por acaso tive a sorte de puder disfrutar de uma cerveja l\u00e1 \ud83c\udf7a<\/p>\n\n\n\n<div class=\"wp-block-uagb-image aligncenter uagb-block-07a4ed01 wp-block-uagb-image--layout-default wp-block-uagb-image--effect-static wp-block-uagb-image--align-center\"><figure class=\"wp-block-uagb-image__figure\"><img decoding=\"async\" srcset=\"https:\/\/www.debragaasantiago.com\/geira-arrieiros\/alquiler\/Camino-santiago-portugal-2024-geira-arrieiros-etapa1-1.jpg ,https:\/\/www.debragaasantiago.com\/geira-arrieiros\/alquiler\/Camino-santiago-portugal-2024-geira-arrieiros-etapa1-1.jpg 780w, https:\/\/www.debragaasantiago.com\/geira-arrieiros\/alquiler\/Camino-santiago-portugal-2024-geira-arrieiros-etapa1-1.jpg 360w\" sizes=\"auto, (max-width: 480px) 150px\" src=\"https:\/\/www.debragaasantiago.com\/geira-arrieiros\/alquiler\/Camino-santiago-portugal-2024-geira-arrieiros-etapa1-1.jpg\" alt=\"\" class=\"uag-image-3911\" width=\"800\" height=\"600\" title=\"Camino-santiago-portugal-2024-geira-arrieiros-etapa1-1\" loading=\"lazy\" role=\"img\"\/><\/figure><\/div>\n\n\n\n<div class=\"wp-block-uagb-image aligncenter uagb-block-6d339298 wp-block-uagb-image--layout-default wp-block-uagb-image--effect-static wp-block-uagb-image--align-center\"><figure class=\"wp-block-uagb-image__figure\"><img decoding=\"async\" srcset=\"https:\/\/www.debragaasantiago.com\/geira-arrieiros\/alquiler\/Camino-santiago-portugal-2024-geira-arrieiros-etapa1-2.jpg ,https:\/\/www.debragaasantiago.com\/geira-arrieiros\/alquiler\/Camino-santiago-portugal-2024-geira-arrieiros-etapa1-2.jpg 780w, https:\/\/www.debragaasantiago.com\/geira-arrieiros\/alquiler\/Camino-santiago-portugal-2024-geira-arrieiros-etapa1-2.jpg 360w\" sizes=\"auto, (max-width: 480px) 150px\" src=\"https:\/\/www.debragaasantiago.com\/geira-arrieiros\/alquiler\/Camino-santiago-portugal-2024-geira-arrieiros-etapa1-2.jpg\" alt=\"\" class=\"uag-image-3912\" width=\"800\" height=\"547\" title=\"Camino-santiago-portugal-2024-geira-arrieiros-etapa1-2\" loading=\"lazy\" role=\"img\"\/><\/figure><\/div>\n\n\n\n<h2 class=\"wp-block-heading\">4\u00b0 Etapa: Lobios &#8211; Castro Laboreiro<\/h2>\n\n\n\n<p>20,5km.<br>Grande parte do percurso acontece pela floresta e montanha. H\u00e1 zonas espetaculares e encantadoras \ud83d\udc9c. O desn\u00edvel \u00e9 sobretudo positivo, especialmente os \u00faltimos km&#8217;s \ud83e\udd75.<br>Vale a pena exigir um \u00faltimo esfor\u00e7o \u00e0s pernas e visitar o Castelo de Castro Laboreiro. A vista compensa \ud83c\udf04<\/p>\n\n\n\n<div class=\"wp-block-uagb-image aligncenter uagb-block-71695f84 wp-block-uagb-image--layout-default wp-block-uagb-image--effect-static wp-block-uagb-image--align-center\"><figure class=\"wp-block-uagb-image__figure\"><img decoding=\"async\" srcset=\"https:\/\/www.debragaasantiago.com\/geira-arrieiros\/alquiler\/Camino-santiago-portugal-2024-geira-arrieiros-etapa-castro-1.jpg ,https:\/\/www.debragaasantiago.com\/geira-arrieiros\/alquiler\/Camino-santiago-portugal-2024-geira-arrieiros-etapa-castro-1.jpg 780w, https:\/\/www.debragaasantiago.com\/geira-arrieiros\/alquiler\/Camino-santiago-portugal-2024-geira-arrieiros-etapa-castro-1.jpg 360w\" sizes=\"auto, (max-width: 480px) 150px\" src=\"https:\/\/www.debragaasantiago.com\/geira-arrieiros\/alquiler\/Camino-santiago-portugal-2024-geira-arrieiros-etapa-castro-1.jpg\" alt=\"\" class=\"uag-image-3916\" width=\"2048\" height=\"941\" title=\"Camino-santiago-portugal-2024-geira-arrieiros-etapa-castro-1\" loading=\"lazy\" role=\"img\"\/><\/figure><\/div>\n\n\n\n<h2 class=\"wp-block-heading\">5\u00b0 Etapa: Castro Laboreiro &#8211; Cortegada<\/h2>\n\n\n\n<p>28km. Percurso tanto em estrada como em monte, passando igualmente pela floresta \ud83d\udc9a. Para mim, a etapa mais f\u00e1cil at\u00e9 hoje porque quase toda ela \u00e9 a descer.<\/p>\n\n\n\n<div class=\"wp-block-uagb-image aligncenter uagb-block-bde00c0b wp-block-uagb-image--layout-default wp-block-uagb-image--effect-static wp-block-uagb-image--align-center\"><figure class=\"wp-block-uagb-image__figure\"><img decoding=\"async\" srcset=\"https:\/\/www.debragaasantiago.com\/geira-arrieiros\/alquiler\/Camino-santiago-portugal-2024-geira-arrieiros-etapa-ribeiro-1.jpg ,https:\/\/www.debragaasantiago.com\/geira-arrieiros\/alquiler\/Camino-santiago-portugal-2024-geira-arrieiros-etapa-ribeiro-1.jpg 780w, https:\/\/www.debragaasantiago.com\/geira-arrieiros\/alquiler\/Camino-santiago-portugal-2024-geira-arrieiros-etapa-ribeiro-1.jpg 360w\" sizes=\"auto, (max-width: 480px) 150px\" src=\"https:\/\/www.debragaasantiago.com\/geira-arrieiros\/alquiler\/Camino-santiago-portugal-2024-geira-arrieiros-etapa-ribeiro-1.jpg\" alt=\"\" class=\"uag-image-3921\" width=\"2048\" height=\"1536\" title=\"Camino-santiago-portugal-2024-geira-arrieiros-etapa-ribeiro-1\" loading=\"lazy\" role=\"img\"\/><\/figure><\/div>\n","protected":false},"excerpt":{"rendered":"<p>Caminho da Geira e dos Arrieiros. Um caminho ainda pouco conhecido, com in\u00edcio na S\u00e9 de Braga, num total de 239km. Stefanie Gon\u00e7alves<\/p>\n","protected":false},"author":1,"featured_media":3912,"comment_status":"closed","ping_status":"open","sticky":false,"template":"","format":"standard","meta":{"_uag_custom_page_level_css":"","_genesis_hide_title":false,"_genesis_hide_breadcrumbs":false,"_genesis_hide_singular_image":false,"_genesis_hide_footer_widgets":false,"_genesis_custom_body_class":"","_genesis_custom_post_class":"","_genesis_layout":"","footnotes":""},"categories":[1,25,10],"tags":[],"class_list":{"0":"post-3892","1":"post","2":"type-post","3":"status-publish","4":"format-standard","5":"has-post-thumbnail","7":"category-peregrinos-camino-xacobeo-geira-romana-arrieiros","8":"category-novedades-2024","9":"category-peregrinos-camino-santiago-relatos","10":"entry"},"uagb_featured_image_src":{"full":["https:\/\/www.debragaasantiago.com\/geira-arrieiros\/alquiler\/Camino-santiago-portugal-2024-geira-arrieiros-etapa1-2.jpg",800,547,false],"thumbnail":["https:\/\/www.debragaasantiago.com\/geira-arrieiros\/alquiler\/Camino-santiago-portugal-2024-geira-arrieiros-etapa1-2-150x150.jpg",150,150,true],"medium":["https:\/\/www.debragaasantiago.com\/geira-arrieiros\/alquiler\/Camino-santiago-portugal-2024-geira-arrieiros-etapa1-2-300x205.jpg",300,205,true],"medium_large":["https:\/\/www.debragaasantiago.com\/geira-arrieiros\/alquiler\/Camino-santiago-portugal-2024-geira-arrieiros-etapa1-2-768x525.jpg",768,525,true],"large":["https:\/\/www.debragaasantiago.com\/geira-arrieiros\/alquiler\/Camino-santiago-portugal-2024-geira-arrieiros-etapa1-2.jpg",800,547,false],"1536x1536":["https:\/\/www.debragaasantiago.com\/geira-arrieiros\/alquiler\/Camino-santiago-portugal-2024-geira-arrieiros-etapa1-2.jpg",800,547,false],"2048x2048":["https:\/\/www.debragaasantiago.com\/geira-arrieiros\/alquiler\/Camino-santiago-portugal-2024-geira-arrieiros-etapa1-2.jpg",800,547,false],"Blog Thumbnail":["https:\/\/www.debragaasantiago.com\/geira-arrieiros\/alquiler\/Camino-santiago-portugal-2024-geira-arrieiros-etapa1-2-198x198.jpg",198,198,true],"store":["https:\/\/www.debragaasantiago.com\/geira-arrieiros\/alquiler\/Camino-santiago-portugal-2024-geira-arrieiros-etapa1-2-389x266.jpg",389,266,true]},"uagb_author_info":{"display_name":"Pilgrim","author_link":"https:\/\/www.debragaasantiago.com\/geira-arrieiros\/author\/gral\/"},"uagb_comment_info":0,"uagb_excerpt":"Caminho da Geira e dos Arrieiros. Um caminho ainda pouco conhecido, com in\u00edcio na S\u00e9 de Braga, num total de 239km. Stefanie Gon\u00e7alves","_links":{"self":[{"href":"https:\/\/www.debragaasantiago.com\/geira-arrieiros\/wp-json\/wp\/v2\/posts\/3892","targetHints":{"allow":["GET"]}}],"collection":[{"href":"https:\/\/www.debragaasantiago.com\/geira-arrieiros\/wp-json\/wp\/v2\/posts"}],"about":[{"href":"https:\/\/www.debragaasantiago.com\/geira-arrieiros\/wp-json\/wp\/v2\/types\/post"}],"author":[{"embeddable":true,"href":"https:\/\/www.debragaasantiago.com\/geira-arrieiros\/wp-json\/wp\/v2\/users\/1"}],"replies":[{"embeddable":true,"href":"https:\/\/www.debragaasantiago.com\/geira-arrieiros\/wp-json\/wp\/v2\/comments?post=3892"}],"version-history":[{"count":14,"href":"https:\/\/www.debragaasantiago.com\/geira-arrieiros\/wp-json\/wp\/v2\/posts\/3892\/revisions"}],"predecessor-version":[{"id":3926,"href":"https:\/\/www.debragaasantiago.com\/geira-arrieiros\/wp-json\/wp\/v2\/posts\/3892\/revisions\/3926"}],"wp:featuredmedia":[{"embeddable":true,"href":"https:\/\/www.debragaasantiago.com\/geira-arrieiros\/wp-json\/wp\/v2\/media\/3912"}],"wp:attachment":[{"href":"https:\/\/www.debragaasantiago.com\/geira-arrieiros\/wp-json\/wp\/v2\/media?parent=3892"}],"wp:term":[{"taxonomy":"category","embeddable":true,"href":"https:\/\/www.debragaasantiago.com\/geira-arrieiros\/wp-json\/wp\/v2\/categories?post=3892"},{"taxonomy":"post_tag","embeddable":true,"href":"https:\/\/www.debragaasantiago.com\/geira-arrieiros\/wp-json\/wp\/v2\/tags?post=3892"}],"curies":[{"name":"wp","href":"https:\/\/api.w.org\/{rel}","templated":true}]}}