{"id":3661,"date":"2023-10-23T16:48:49","date_gmt":"2023-10-23T14:48:49","guid":{"rendered":"https:\/\/www.debragaasantiago.com\/geira-arrieiros\/?p=3661"},"modified":"2025-01-04T10:51:53","modified_gmt":"2025-01-04T09:51:53","slug":"gualdim-pais-templarios-peregrinos-compostela-santiago-orden-caballeros","status":"publish","type":"post","link":"https:\/\/www.debragaasantiago.com\/geira-arrieiros\/gualdim-pais-templarios-peregrinos-compostela-santiago-orden-caballeros\/","title":{"rendered":"\u2018Templarios\u2019 da ruta Geira-Arrieiros chegan ao Obradoiro"},"content":{"rendered":"\n<p class=\"article-body__text article-body__text--entry article-body__text-middle\">Unha\u00a0<strong>trintena de peregrinos de Amares<\/strong>\u00a0(Braga, Portugal) chegaron este domingo \u00e1\u00a0<strong>praza do Obradoiro<\/strong>\u00a0seguindo a ruta Geira-Arrieiros, e fix\u00e9rono\u00a0<strong>vestidos de templarios<\/strong>\u00a0na honra dunha personaxe ilustre da s\u00faa fregues\u00eda, <a href=\"https:\/\/es.wikipedia.org\/wiki\/Gualdim_Pais\" target=\"_blank\" rel=\"noopener\"><strong>Gualdim Pais<\/strong><\/a>.<\/p>\n\n\n\n<!--more-->\n\n\n\n<p>Jos\u00e9 Manuel Almeida, presidente da fregues\u00eda Caldelas-Paranhos comenta que esta ruta,&nbsp;<strong>pendente de ser aprobada pola Xunta<\/strong>&nbsp;\u201cter\u00e1 resoluci\u00f3n, previsiblemente a finais de ano ou no primeiro trimestre de 2024\u201d.<\/p>\n\n\n\n<div class=\"wp-block-uagb-image uagb-block-bb07bed5 wp-block-uagb-image--layout-default wp-block-uagb-image--effect-static wp-block-uagb-image--align-none\"><figure class=\"wp-block-uagb-image__figure\"><img decoding=\"async\" srcset=\"https:\/\/www.debragaasantiago.com\/geira-arrieiros\/alquiler\/jerusalem-palestisna-ordem-templarios-Paio-Ramires-Gontrode-Soares.jpg \" sizes=\"auto, (max-width: 480px) 150px\" src=\"https:\/\/www.debragaasantiago.com\/geira-arrieiros\/alquiler\/jerusalem-palestisna-ordem-templarios-Paio-Ramires-Gontrode-Soares.jpg\" alt=\"orden-cabaleiros-templarios\" class=\"uag-image-3666\" width=\"720\" height=\"540\" title=\"\" loading=\"lazy\"\/><\/figure><\/div>\n\n\n\n<p>Tr\u00e1tase dun Cami\u00f1o que entra directamente en Compostela,&nbsp;<strong>sen enlazar en Galicia con ning\u00fan dos cami\u00f1os<\/strong>&nbsp;xa oficiais, como a ruta da Prata, por exemplo.<\/p>\n\n\n\n<div class=\"wp-block-uagb-image uagb-block-8aeb63e1 wp-block-uagb-image--layout-default wp-block-uagb-image--effect-static wp-block-uagb-image--align-none\"><figure class=\"wp-block-uagb-image__figure\"><img decoding=\"async\" srcset=\"https:\/\/www.debragaasantiago.com\/geira-arrieiros\/alquiler\/templarios-Gualdim-Pais-amares-1118-Tomar-1195-cruzado-1024x576.jpg \" sizes=\"auto, (max-width: 480px) 150px\" src=\"https:\/\/www.debragaasantiago.com\/geira-arrieiros\/alquiler\/templarios-Gualdim-Pais-amares-1118-Tomar-1195-cruzado-1024x576.jpg\" alt=\"orden-cabaleiros-templarios\" class=\"uag-image-3667\" width=\"720\" height=\"576\" title=\"\" loading=\"lazy\"\/><\/figure><\/div>\n\n\n\n<p>O&nbsp;<strong>Cami\u00f1o Geira-Arrieiros<\/strong>&nbsp;percorre primeiro Portugal, pola antiga v\u00eda romana e percorre tres concellos lusos, entra en Galicia e volve a de novo a Portugal, Melga\u00e7o, para logo continuar dende Cortegada at\u00e9 Terra de Montes e entrar en Santiago por Pontevea.<\/p>\n\n\n\n<div class=\"wp-block-uagb-image uagb-block-7c8753dc wp-block-uagb-image--layout-default wp-block-uagb-image--effect-static wp-block-uagb-image--align-none\"><figure class=\"wp-block-uagb-image__figure\"><img decoding=\"async\" srcset=\"https:\/\/www.debragaasantiago.com\/geira-arrieiros\/alquiler\/templarios-medievales-guerreros-monjes-soldado-orden-caballeros.jpg \" sizes=\"(max-width: 480px) 150px\" src=\"https:\/\/www.debragaasantiago.com\/geira-arrieiros\/alquiler\/templarios-medievales-guerreros-monjes-soldado-orden-caballeros.jpg\" alt=\"orden-cabaleiros-templarios\" class=\"uag-image-3670\" title=\"\" loading=\"lazy\"\/><\/figure><\/div>\n\n\n\n<p>\u201c<strong>\u00c9 a verdadeira esencia do Cami\u00f1o<\/strong>\u201d, di Almeida, \u201cten moita monta\u00f1a, \u00e9 o interior de Galicia, non hai portamochilas, podes ir soa boa parte das dez etapas coas que conta\u201d.<\/p>\n\n\n\n<div class=\"wp-block-uagb-image uagb-block-9645e9dc wp-block-uagb-image--layout-default wp-block-uagb-image--effect-static wp-block-uagb-image--align-none\"><figure class=\"wp-block-uagb-image__figure\"><img decoding=\"async\" srcset=\"https:\/\/www.debragaasantiago.com\/geira-arrieiros\/alquiler\/templarios-guerreros-monjes-soldado-edad-media-orden-caballeros.jpg \" sizes=\"(max-width: 480px) 150px\" src=\"https:\/\/www.debragaasantiago.com\/geira-arrieiros\/alquiler\/templarios-guerreros-monjes-soldado-edad-media-orden-caballeros.jpg\" alt=\"orden-cabaleiros-templarios\" class=\"uag-image-3668\" title=\"\" loading=\"lazy\"\/><\/figure><\/div>\n\n\n\n<p>Entre os peregrinos estiveron o vereador de Turismo de Amares e os presidentes da Junta de Fregues\u00edas de Lago y da de Caldelas, Sequeiros e Paranhos, que fixeron a ruta como muestra do seu compromiso coa s\u00faa promoci\u00f3n.<\/p>\n\n\n\n<p>Textos basados en noticias do Correo Gallego e La Voz de Galicia.<\/p>\n","protected":false},"excerpt":{"rendered":"<p>Unha\u00a0trintena de peregrinos de Amares\u00a0(Braga, Portugal) chegaron este domingo \u00e1\u00a0praza do Obradoiro\u00a0seguindo a ruta Geira-Arrieiros, e fix\u00e9rono\u00a0vestidos de templarios\u00a0na honra dunha personaxe ilustre da s\u00faa fregues\u00eda, Gualdim Pais.<\/p>\n","protected":false},"author":1,"featured_media":3666,"comment_status":"closed","ping_status":"open","sticky":false,"template":"","format":"standard","meta":{"_uag_custom_page_level_css":"","_genesis_hide_title":false,"_genesis_hide_breadcrumbs":false,"_genesis_hide_singular_image":false,"_genesis_hide_footer_widgets":false,"_genesis_custom_body_class":"","_genesis_custom_post_class":"","_genesis_layout":"","footnotes":""},"categories":[1,24,29],"tags":[],"class_list":{"0":"post-3661","1":"post","2":"type-post","3":"status-publish","4":"format-standard","5":"has-post-thumbnail","7":"category-peregrinos-camino-xacobeo-geira-romana-arrieiros","8":"category-novedades-2023","9":"category-asociacions-e-colaboradores","10":"entry"},"uagb_featured_image_src":{"full":["https:\/\/www.debragaasantiago.com\/geira-arrieiros\/alquiler\/jerusalem-palestisna-ordem-templarios-Paio-Ramires-Gontrode-Soares.jpg",720,540,false],"thumbnail":["https:\/\/www.debragaasantiago.com\/geira-arrieiros\/alquiler\/jerusalem-palestisna-ordem-templarios-Paio-Ramires-Gontrode-Soares-150x150.jpg",150,150,true],"medium":["https:\/\/www.debragaasantiago.com\/geira-arrieiros\/alquiler\/jerusalem-palestisna-ordem-templarios-Paio-Ramires-Gontrode-Soares-300x225.jpg",300,225,true],"medium_large":["https:\/\/www.debragaasantiago.com\/geira-arrieiros\/alquiler\/jerusalem-palestisna-ordem-templarios-Paio-Ramires-Gontrode-Soares.jpg",720,540,false],"large":["https:\/\/www.debragaasantiago.com\/geira-arrieiros\/alquiler\/jerusalem-palestisna-ordem-templarios-Paio-Ramires-Gontrode-Soares.jpg",720,540,false],"1536x1536":["https:\/\/www.debragaasantiago.com\/geira-arrieiros\/alquiler\/jerusalem-palestisna-ordem-templarios-Paio-Ramires-Gontrode-Soares.jpg",720,540,false],"2048x2048":["https:\/\/www.debragaasantiago.com\/geira-arrieiros\/alquiler\/jerusalem-palestisna-ordem-templarios-Paio-Ramires-Gontrode-Soares.jpg",720,540,false],"Blog Thumbnail":["https:\/\/www.debragaasantiago.com\/geira-arrieiros\/alquiler\/jerusalem-palestisna-ordem-templarios-Paio-Ramires-Gontrode-Soares-198x198.jpg",198,198,true],"store":["https:\/\/www.debragaasantiago.com\/geira-arrieiros\/alquiler\/jerusalem-palestisna-ordem-templarios-Paio-Ramires-Gontrode-Soares-355x266.jpg",355,266,true]},"uagb_author_info":{"display_name":"Pilgrim","author_link":"https:\/\/www.debragaasantiago.com\/geira-arrieiros\/author\/gral\/"},"uagb_comment_info":0,"uagb_excerpt":"Unha\u00a0trintena de peregrinos de Amares\u00a0(Braga, Portugal) chegaron este domingo \u00e1\u00a0praza do Obradoiro\u00a0seguindo a ruta Geira-Arrieiros, e fix\u00e9rono\u00a0vestidos de templarios\u00a0na honra dunha personaxe ilustre da s\u00faa fregues\u00eda, Gualdim Pais.","_links":{"self":[{"href":"https:\/\/www.debragaasantiago.com\/geira-arrieiros\/wp-json\/wp\/v2\/posts\/3661","targetHints":{"allow":["GET"]}}],"collection":[{"href":"https:\/\/www.debragaasantiago.com\/geira-arrieiros\/wp-json\/wp\/v2\/posts"}],"about":[{"href":"https:\/\/www.debragaasantiago.com\/geira-arrieiros\/wp-json\/wp\/v2\/types\/post"}],"author":[{"embeddable":true,"href":"https:\/\/www.debragaasantiago.com\/geira-arrieiros\/wp-json\/wp\/v2\/users\/1"}],"replies":[{"embeddable":true,"href":"https:\/\/www.debragaasantiago.com\/geira-arrieiros\/wp-json\/wp\/v2\/comments?post=3661"}],"version-history":[{"count":10,"href":"https:\/\/www.debragaasantiago.com\/geira-arrieiros\/wp-json\/wp\/v2\/posts\/3661\/revisions"}],"predecessor-version":[{"id":4102,"href":"https:\/\/www.debragaasantiago.com\/geira-arrieiros\/wp-json\/wp\/v2\/posts\/3661\/revisions\/4102"}],"wp:featuredmedia":[{"embeddable":true,"href":"https:\/\/www.debragaasantiago.com\/geira-arrieiros\/wp-json\/wp\/v2\/media\/3666"}],"wp:attachment":[{"href":"https:\/\/www.debragaasantiago.com\/geira-arrieiros\/wp-json\/wp\/v2\/media?parent=3661"}],"wp:term":[{"taxonomy":"category","embeddable":true,"href":"https:\/\/www.debragaasantiago.com\/geira-arrieiros\/wp-json\/wp\/v2\/categories?post=3661"},{"taxonomy":"post_tag","embeddable":true,"href":"https:\/\/www.debragaasantiago.com\/geira-arrieiros\/wp-json\/wp\/v2\/tags?post=3661"}],"curies":[{"name":"wp","href":"https:\/\/api.w.org\/{rel}","templated":true}]}}