{"id":3646,"date":"2023-10-15T20:16:31","date_gmt":"2023-10-15T18:16:31","guid":{"rendered":"https:\/\/www.debragaasantiago.com\/geira-arrieiros\/?p=3646"},"modified":"2025-01-04T10:52:01","modified_gmt":"2025-01-04T09:52:01","slug":"braga-albergue-peregrinos-cividade-santiago","status":"publish","type":"post","link":"https:\/\/www.debragaasantiago.com\/geira-arrieiros\/braga-albergue-peregrinos-cividade-santiago\/","title":{"rendered":"Braga ter\u00e1 um novo albergue de peregrinos"},"content":{"rendered":"\n<p>O <strong>novo Albergue de Peregrinos de Braga<\/strong>, cujas obras arrancar\u00e3o no in\u00edcio do pr\u00f3ximo ano, com projeto em fase de finaliza\u00e7\u00e3o, ter\u00e1 lugar para <strong>16 pessoas<\/strong>, incluindo com mobilidade reduzida e haver\u00e1 ainda espa\u00e7o para animais de companhia ou bicicletas.<\/p>\n\n\n\n<!--more-->\n\n\n\n<p>A revela\u00e7\u00e3o \u00e9 do presidente da Uni\u00e3o de Freguesias de Maximinos, S\u00e9 e Cividade, Lu\u00eds Pedroso, na <strong>confer\u00eancia dos Caminhos de Santiago<\/strong>, para se assinalar o <strong>Dia do Peregrino<\/strong>, hoje organizado pela Delega\u00e7\u00e3o de Braga da Associa\u00e7\u00e3o Espa\u00e7o Jacobeus \u2013 Confraria de S\u00e3o Tiago.<\/p>\n\n\n\n<div class=\"wp-block-uagb-image aligncenter uagb-block-d1fe781b wp-block-uagb-image--layout-default wp-block-uagb-image--effect-static wp-block-uagb-image--align-center\"><figure class=\"wp-block-uagb-image__figure\"><img decoding=\"async\" srcset=\"https:\/\/www.debragaasantiago.com\/geira-arrieiros\/alquiler\/albergue-peregrinos-braga-cividade-23-portugal-dia.jpg \" sizes=\"auto, (max-width: 480px) 150px\" src=\"https:\/\/www.debragaasantiago.com\/geira-arrieiros\/alquiler\/albergue-peregrinos-braga-cividade-23-portugal-dia.jpg\" alt=\"\" class=\"uag-image-3647\" width=\"720\" height=\"495\" title=\"\" loading=\"lazy\"\/><\/figure><\/div>\n\n\n\n<p>A C\u00e2mara Municipal de Braga j\u00e1 deu o seu aval \u00e0 obra, depois de uma reuni\u00e3o esta semana, em que Ant\u00f3nio Barroso, o adjunto de Ricardo Rio, acertou os pormenores decisivos com os autarcas locais e os dirigentes da associa\u00e7\u00e3o dos caminhos jacobeus.<\/p>\n\n\n\n<p>O albergue de romeiros a caminho de Santiago de Compostela ficar\u00e1 instalado no <strong>edif\u00edcio da Junta de Freguesia da Cividade<\/strong>, em pleno centro hist\u00f3rico de Braga, na Rua de S\u00e3o Geraldo, por onde passam precisamente as rotas mais antigas dos caminhos.<\/p>\n\n\n<div class=\"wp-block-image\">\n<figure class=\"aligncenter size-full\"><img loading=\"lazy\" decoding=\"async\" width=\"720\" height=\"377\" src=\"https:\/\/www.debragaasantiago.com\/geira-arrieiros\/alquiler\/albergue-peregrinos-braga-cividade-23.jpg\" alt=\"\" class=\"wp-image-3648\" srcset=\"https:\/\/www.debragaasantiago.com\/geira-arrieiros\/alquiler\/albergue-peregrinos-braga-cividade-23.jpg 720w, https:\/\/www.debragaasantiago.com\/geira-arrieiros\/alquiler\/albergue-peregrinos-braga-cividade-23-300x157.jpg 300w, https:\/\/www.debragaasantiago.com\/geira-arrieiros\/alquiler\/albergue-peregrinos-braga-cividade-23-420x220.jpg 420w\" sizes=\"auto, (max-width: 720px) 100vw, 720px\" \/><\/figure>\n<\/div>\n\n\n<p>A maquete foi exibida ao p\u00fablico, ainda antes da interven\u00e7\u00e3o do principal conferencista, o<strong> bispo auxiliar do Porto<\/strong>, D. Roberto Rosmaninho, at\u00e9 recentemente colocado na <strong>Arquidiocese de Braga<\/strong>, o pr\u00f3prio um romeiro, que \u00e9 natural de S\u00e3o Pedro de Rates.<\/p>\n\n\n\n<p>O presidente da Delega\u00e7\u00e3o de Braga da <strong>Associa\u00e7\u00e3o Espa\u00e7o Jacobeus<\/strong> \u2013 Confraria de S\u00e3o Tiago, Lu\u00eds Miguel Sampaio, afirmou, por sua vez, que Braga \u201cn\u00e3o poderia continuar sem ter um albergue para peregrinos, n\u00f3s estamos a falar de Bracara Augusta\u201d.<\/p>\n\n\n\n<p>\u00c9 que, como salientou aquele dirigente, \u201cpor Braga passam cinco caminhos e de Braga partem dois caminhos, o <strong>da Geira e dos Arrieiros<\/strong> e o das Terras de S\u00e3o Rosendo, j\u00e1 para n\u00e3o falar dos pergaminhos de Braga, aos n\u00edveis religioso, hist\u00f3rico e cultural\u201d.<\/p>\n\n\n\n<p>Lu\u00eds Miguel Sampaio destacou \u201co trabalho do Posto de Turismo de Braga, na promo\u00e7\u00e3o dos Caminhos de Santiago e tamb\u00e9m no aconselhamento dos romeiros, o que neste caso muitas vezes \u00e9 decisivo para os ajudarem a enveredar pelo melhor caminho\u201d.<\/p>\n\n\n\n<p>O bom exemplo do <strong>Albergue P\u00fablico de Caldelas<\/strong>, que em setembro completou quatro anos de exist\u00eancia, foi apontada durante a confer\u00eancia, passando esta primeira estrutura do C<strong>aminho da Geira e dos Arrieiros <\/strong>a ser antecedida pelo Albergue de Braga.<\/p>\n\n\n\n<p>Seguiu-se um col\u00f3quio com D. Roberto Rosmaninho, o respons\u00e1vel do Albergue P\u00fablico de Caldelas, Jos\u00e9 Manuel Almeida, que \u00e9 ainda presidente da Uni\u00e3o de Freguesias de Caldelas, Sequeiros e Paranhos, al\u00e9m de Lu\u00eds Ferreira, do <strong>Turismo de Braga<\/strong>.<\/p>\n\n\n\n<div class=\"wp-block-uagb-image aligncenter uagb-block-f20d073e wp-block-uagb-image--layout-default wp-block-uagb-image--effect-static wp-block-uagb-image--align-center\"><figure class=\"wp-block-uagb-image__figure\"><img decoding=\"async\" srcset=\"https:\/\/www.debragaasantiago.com\/geira-arrieiros\/alquiler\/albergue-peregrinos-braga-cividade-23-portugal-1024x515.jpg \" sizes=\"auto, (max-width: 480px) 150px\" src=\"https:\/\/www.debragaasantiago.com\/geira-arrieiros\/alquiler\/albergue-peregrinos-braga-cividade-23-portugal-1024x515.jpg\" alt=\"\" class=\"uag-image-3649\" width=\"1024\" height=\"515\" title=\"\" loading=\"lazy\"\/><\/figure><\/div>\n\n\n\n<p>Lu\u00eds Ferreira, chefe da Divis\u00e3o de T<strong>urismo da C\u00e2mara Municipal de Braga<\/strong>, deu conta do aumento exponencial de peregrinos, em Braga, durante a confer\u00eancia moderada pelo presidente da Uni\u00e3o de Freguesias de Maximinos, Cividade e S\u00e9, Lu\u00eds Pedroso.<\/p>\n\n\n\n<p>Jos\u00e9 Manuel Almeida, respons\u00e1vel do Albergue P\u00fablico de Caldelas, em Amares, como peregrino, real\u00e7ou alguns dos aspetos peculiares do C<strong>aminho da Geira e dos Arrieiros<\/strong>, como o ambiente de montanha, no Ger\u00eas, por isso mais prop\u00edcio \u00e0 introspe\u00e7\u00e3o.<\/p>\n\n\n\n<p>O escultor Abd\u00f3n Fern\u00e1ndez Torres, presidente da Associa\u00e7\u00e3o Fundadora do Caminho da Geira e dos Arrieiros, revelou que est\u00e1 a avan\u00e7ar-se na constitui\u00e7\u00e3o de um albergue de peregrinos, em Ber\u00e1n, concelho de Leiro, prov\u00edncia de Ourense, na Galiza.<\/p>\n\n\n\n<p>Ber\u00e1n \u00e9 a localidade galega que marca exatamente o 100.\u00ba quil\u00f3metro do Caminho da Geira e dos Arrieiros, pelo que o tamb\u00e9m presidente da <strong>Plataforma Ber\u00e1n no Caminho<\/strong>, Abd\u00f3n Fern\u00e1ndez Torres, quer formalizar a passagem por Ber\u00e1n e por Lebosende.<\/p>\n\n\n\n<p>A recentemente criada Delega\u00e7\u00e3o de Angola marcou presen\u00e7a na confer\u00eancia, atrav\u00e9s de Odete Silva e Sara Ata\u00edde (Luanda), Rui Pinto e Carlos Pinto (Lubango).<\/p>\n\n\n\n<div class=\"wp-block-uagb-image aligncenter uagb-block-4a0ad77b wp-block-uagb-image--layout-default wp-block-uagb-image--effect-static wp-block-uagb-image--align-center\"><figure class=\"wp-block-uagb-image__figure\"><img decoding=\"async\" srcset=\"https:\/\/www.debragaasantiago.com\/geira-arrieiros\/alquiler\/dia-nacional-peregrino-braga-albergue.jpg \" sizes=\"auto, (max-width: 480px) 150px\" src=\"https:\/\/www.debragaasantiago.com\/geira-arrieiros\/alquiler\/dia-nacional-peregrino-braga-albergue.jpg\" alt=\"\" class=\"uag-image-3650\" width=\"566\" height=\"800\" title=\"\" loading=\"lazy\"\/><\/figure><\/div>\n\n\n\n<p>Fonte: https:\/\/ominho.pt\/novo-albergue-de-peregrinos-de-braga-sera-inclusivo\/<\/p>\n","protected":false},"excerpt":{"rendered":"<p>O novo Albergue de Peregrinos de Braga, cujas obras arrancar\u00e3o no in\u00edcio do pr\u00f3ximo ano, com projeto em fase de finaliza\u00e7\u00e3o, ter\u00e1 lugar para 16 pessoas, incluindo com mobilidade reduzida e haver\u00e1 ainda espa\u00e7o para animais de companhia ou bicicletas.<\/p>\n","protected":false},"author":1,"featured_media":3649,"comment_status":"closed","ping_status":"open","sticky":false,"template":"","format":"standard","meta":{"_uag_custom_page_level_css":"","_genesis_hide_title":false,"_genesis_hide_breadcrumbs":false,"_genesis_hide_singular_image":false,"_genesis_hide_footer_widgets":false,"_genesis_custom_body_class":"","_genesis_custom_post_class":"","_genesis_layout":"","footnotes":""},"categories":[1,24,28],"tags":[],"class_list":{"0":"post-3646","1":"post","2":"type-post","3":"status-publish","4":"format-standard","5":"has-post-thumbnail","7":"category-peregrinos-camino-xacobeo-geira-romana-arrieiros","8":"category-novedades-2023","9":"category-albergues-aloxamentos","10":"entry"},"uagb_featured_image_src":{"full":["https:\/\/www.debragaasantiago.com\/geira-arrieiros\/alquiler\/albergue-peregrinos-braga-cividade-23-portugal.jpg",2048,1029,false],"thumbnail":["https:\/\/www.debragaasantiago.com\/geira-arrieiros\/alquiler\/albergue-peregrinos-braga-cividade-23-portugal-150x150.jpg",150,150,true],"medium":["https:\/\/www.debragaasantiago.com\/geira-arrieiros\/alquiler\/albergue-peregrinos-braga-cividade-23-portugal-300x151.jpg",300,151,true],"medium_large":["https:\/\/www.debragaasantiago.com\/geira-arrieiros\/alquiler\/albergue-peregrinos-braga-cividade-23-portugal-768x386.jpg",768,386,true],"large":["https:\/\/www.debragaasantiago.com\/geira-arrieiros\/alquiler\/albergue-peregrinos-braga-cividade-23-portugal-1024x515.jpg",1024,515,true],"1536x1536":["https:\/\/www.debragaasantiago.com\/geira-arrieiros\/alquiler\/albergue-peregrinos-braga-cividade-23-portugal-1536x772.jpg",1536,772,true],"2048x2048":["https:\/\/www.debragaasantiago.com\/geira-arrieiros\/alquiler\/albergue-peregrinos-braga-cividade-23-portugal.jpg",2048,1029,false],"Blog Thumbnail":["https:\/\/www.debragaasantiago.com\/geira-arrieiros\/alquiler\/albergue-peregrinos-braga-cividade-23-portugal-198x198.jpg",198,198,true],"store":["https:\/\/www.debragaasantiago.com\/geira-arrieiros\/alquiler\/albergue-peregrinos-braga-cividade-23-portugal-420x211.jpg",420,211,true]},"uagb_author_info":{"display_name":"Pilgrim","author_link":"https:\/\/www.debragaasantiago.com\/geira-arrieiros\/author\/gral\/"},"uagb_comment_info":0,"uagb_excerpt":"O novo Albergue de Peregrinos de Braga, cujas obras arrancar\u00e3o no in\u00edcio do pr\u00f3ximo ano, com projeto em fase de finaliza\u00e7\u00e3o, ter\u00e1 lugar para 16 pessoas, incluindo com mobilidade reduzida e haver\u00e1 ainda espa\u00e7o para animais de companhia ou bicicletas.","_links":{"self":[{"href":"https:\/\/www.debragaasantiago.com\/geira-arrieiros\/wp-json\/wp\/v2\/posts\/3646","targetHints":{"allow":["GET"]}}],"collection":[{"href":"https:\/\/www.debragaasantiago.com\/geira-arrieiros\/wp-json\/wp\/v2\/posts"}],"about":[{"href":"https:\/\/www.debragaasantiago.com\/geira-arrieiros\/wp-json\/wp\/v2\/types\/post"}],"author":[{"embeddable":true,"href":"https:\/\/www.debragaasantiago.com\/geira-arrieiros\/wp-json\/wp\/v2\/users\/1"}],"replies":[{"embeddable":true,"href":"https:\/\/www.debragaasantiago.com\/geira-arrieiros\/wp-json\/wp\/v2\/comments?post=3646"}],"version-history":[{"count":1,"href":"https:\/\/www.debragaasantiago.com\/geira-arrieiros\/wp-json\/wp\/v2\/posts\/3646\/revisions"}],"predecessor-version":[{"id":3651,"href":"https:\/\/www.debragaasantiago.com\/geira-arrieiros\/wp-json\/wp\/v2\/posts\/3646\/revisions\/3651"}],"wp:featuredmedia":[{"embeddable":true,"href":"https:\/\/www.debragaasantiago.com\/geira-arrieiros\/wp-json\/wp\/v2\/media\/3649"}],"wp:attachment":[{"href":"https:\/\/www.debragaasantiago.com\/geira-arrieiros\/wp-json\/wp\/v2\/media?parent=3646"}],"wp:term":[{"taxonomy":"category","embeddable":true,"href":"https:\/\/www.debragaasantiago.com\/geira-arrieiros\/wp-json\/wp\/v2\/categories?post=3646"},{"taxonomy":"post_tag","embeddable":true,"href":"https:\/\/www.debragaasantiago.com\/geira-arrieiros\/wp-json\/wp\/v2\/tags?post=3646"}],"curies":[{"name":"wp","href":"https:\/\/api.w.org\/{rel}","templated":true}]}}