{"id":3586,"date":"2023-08-27T17:58:19","date_gmt":"2023-08-27T15:58:19","guid":{"rendered":"https:\/\/www.debragaasantiago.com\/geira-arrieiros\/?p=3586"},"modified":"2025-01-04T10:52:41","modified_gmt":"2025-01-04T09:52:41","slug":"mejor-calidad-que-cantidad","status":"publish","type":"post","link":"https:\/\/www.debragaasantiago.com\/geira-arrieiros\/mejor-calidad-que-cantidad\/","title":{"rendered":"Mejor calidad que cantidad"},"content":{"rendered":"\n<p>El peregrinaje individual, en pareja o en grupos reducidos ya parece algo del pasado. Desde la celebraci\u00f3n de la PEJ 2022 se ha generalizado la moda de caminar en grandes grupos. Cierto es que anteriormente ya se hac\u00eda as\u00ed, pero puede que de una forma mucho m\u00e1s discreta y silenciosa. Por el Cami\u00f1o Xacobeo da Geira e dos Arrieiros (<strong>CXGA<\/strong>) pas\u00f3 alg\u00fan numeroso grupo que ten\u00eda como regla caminar en silencio gran parte del recorrido, un buen m\u00e9todo para poder empaparse de<strong> la parte espiritual del camino<\/strong>.<\/p>\n\n\n\n<!--more-->\n\n\n\n<p>En la mayor\u00eda de rutas se est\u00e1 imponiendo la comercializaci\u00f3n sobre la espiritualidad; y la distancia de 100 km parece encajar a la perfecci\u00f3n en los planes de muchas \u00abempresas xacobeas\u00bb, algunas de ellas considerablemente regadas con caudales p\u00fablicos.<\/p>\n\n\n\n<p>Los promotores y evangelizadores del CXGA repiten frecuentemente una frase y de momento parece que les est\u00e1n haciendo caso:<\/p>\n\n\n\n<blockquote class=\"wp-block-quote is-layout-flow wp-block-quote-is-layout-flow\">\n<p><em>si no tienes d\u00edas o presupuesto disponible para hacer los 240 km de una vez, lo mejor es que recorras lo que puedas en esta ocasi\u00f3n y dejes para otro momento el resto<\/em>.<\/p>\n<\/blockquote>\n\n\n\n<h2 class=\"wp-block-heading\">Los n\u00fameros<\/h2>\n\n\n\n<p>El recuento de peregrinos seg\u00fan las fotos que les sacan en los establecimientos en los que comen y duermen supera las 500 personas. Muchos de ellos ya tienen la Compostela por haber realizado otras rutas anteriormente y no invierten tiempo en pasarse de nuevo por la Oficina del Peregrino, pero aun as\u00ed las estad\u00edsticas oficiales de esta Oficina (a 27\/08\/23) ya tienen contabilizados 323 peregrinos.<\/p>\n\n\n<div class=\"wp-block-image\">\n<figure class=\"aligncenter size-full\"><img loading=\"lazy\" decoding=\"async\" width=\"583\" height=\"263\" src=\"https:\/\/www.debragaasantiago.com\/geira-arrieiros\/alquiler\/estadisticas-peregrinos-agosto-23santiago-camino-oficiales.jpg\" alt=\"\" class=\"wp-image-3589\" srcset=\"https:\/\/www.debragaasantiago.com\/geira-arrieiros\/alquiler\/estadisticas-peregrinos-agosto-23santiago-camino-oficiales.jpg 583w, https:\/\/www.debragaasantiago.com\/geira-arrieiros\/alquiler\/estadisticas-peregrinos-agosto-23santiago-camino-oficiales-300x135.jpg 300w, https:\/\/www.debragaasantiago.com\/geira-arrieiros\/alquiler\/estadisticas-peregrinos-agosto-23santiago-camino-oficiales-420x189.jpg 420w\" sizes=\"auto, (max-width: 583px) 100vw, 583px\" \/><\/figure>\n<\/div>\n\n\n<p>Comparados con las principales <strong>rutas jacobeas oficiales<\/strong> los n\u00fameros totales del CXGA son insignificantes. El Camino Franc\u00e9s est\u00e1 cerca de alcanzar los 150.000 peregrinos y el Portugu\u00e9s (contando las opciones Central y Costa, que son la misma a partir de la r\u00eda de Vigo) muy pronto alcanzar\u00e1 las 95.000 personas.<\/p>\n\n\n\n<p>Pero el porcentaje de los peregrinos que extienden su peregrinaci\u00f3n por m\u00e1s de 200 km s\u00ed son relevantes. En el CXGA superan el 80% y baten ampliamente el porcentaje de esas rutas:<\/p>\n\n\n<div class=\"wp-block-image\">\n<figure class=\"aligncenter size-full\"><img loading=\"lazy\" decoding=\"async\" width=\"681\" height=\"275\" src=\"https:\/\/www.debragaasantiago.com\/geira-arrieiros\/alquiler\/porcentaje-peregrinos-distancia-100-km-2023.jpg\" alt=\"\" class=\"wp-image-3610\" srcset=\"https:\/\/www.debragaasantiago.com\/geira-arrieiros\/alquiler\/porcentaje-peregrinos-distancia-100-km-2023.jpg 681w, https:\/\/www.debragaasantiago.com\/geira-arrieiros\/alquiler\/porcentaje-peregrinos-distancia-100-km-2023-300x121.jpg 300w, https:\/\/www.debragaasantiago.com\/geira-arrieiros\/alquiler\/porcentaje-peregrinos-distancia-100-km-2023-420x170.jpg 420w\" sizes=\"auto, (max-width: 681px) 100vw, 681px\" \/><\/figure>\n<\/div>\n\n\n<div style=\"height:58px\" aria-hidden=\"true\" class=\"wp-block-spacer\"><\/div>\n\n\n\n<h2 class=\"wp-block-heading\">Ocho NeoCaminos, pero varios de ellos sin peregrinos<\/h2>\n\n\n\n<p>Entre las rutas no oficiales, pero que aspiran a ser oficializadas (conocidas administrativamente como <a rel=\"noreferrer noopener\" href=\"https:\/\/www.elcorreogallego.es\/santiago\/2023\/08\/06\/nuevas-rutas-quieren-camino-santiago-90694596.html\" data-type=\"link\" data-id=\"https:\/\/www.elcorreogallego.es\/santiago\/2023\/08\/06\/nuevas-rutas-quieren-camino-santiago-90694596.html\" target=\"_blank\">NeoCaminos<\/a>) el Cami\u00f1o Xacobeo da Geira e dos Arrieiros (<strong>CXGA<\/strong>) destaca considerablemente:<\/p>\n\n\n\n<figure class=\"wp-block-table is-style-stripes\" style=\"font-style:italic;font-weight:700\"><table><thead><tr><th>Ruta<\/th><th class=\"has-text-align-center\" data-align=\"center\">Total peregrinos<\/th><th class=\"has-text-align-center\" data-align=\"center\">De largo recorrido*<\/th><th class=\"has-text-align-center\" data-align=\"center\">Largo recorrido* a pie<\/th><\/tr><\/thead><tbody><tr><td>Geira Arrieiros<\/td><td class=\"has-text-align-center\" data-align=\"center\">323<\/td><td class=\"has-text-align-center\" data-align=\"center\">264<\/td><td class=\"has-text-align-center\" data-align=\"center\">193<\/td><\/tr><tr><td>Muros-Noia<\/td><td class=\"has-text-align-center\" data-align=\"center\">156<\/td><td class=\"has-text-align-center\" data-align=\"center\">0<\/td><td class=\"has-text-align-center\" data-align=\"center\">0<\/td><\/tr><tr><td>Ribeiro Mi\u00f1oto<\/td><td class=\"has-text-align-center\" data-align=\"center\">144<\/td><td class=\"has-text-align-center\" data-align=\"center\">17<\/td><td class=\"has-text-align-center\" data-align=\"center\">5<\/td><\/tr><tr><td>Camino del Mar<\/td><td class=\"has-text-align-center\" data-align=\"center\">85<\/td><td class=\"has-text-align-center\" data-align=\"center\">60<\/td><td class=\"has-text-align-center\" data-align=\"center\">45<\/td><\/tr><tr><td>San Rosendo<\/td><td class=\"has-text-align-center\" data-align=\"center\">1<\/td><td class=\"has-text-align-center\" data-align=\"center\">0<\/td><td class=\"has-text-align-center\" data-align=\"center\">0<\/td><\/tr><tr><td>Mari\u00f1\u00e1n<\/td><td class=\"has-text-align-center\" data-align=\"center\">0<\/td><td class=\"has-text-align-center\" data-align=\"center\">0<\/td><td class=\"has-text-align-center\" data-align=\"center\">0<\/td><\/tr><tr><td>V\u00eda K\u00fcnig<\/td><td class=\"has-text-align-center\" data-align=\"center\">0<\/td><td class=\"has-text-align-center\" data-align=\"center\">0<\/td><td class=\"has-text-align-center\" data-align=\"center\">0<\/td><\/tr><tr><td>Mux\u00eda por Brandomil<\/td><td class=\"has-text-align-center\" data-align=\"center\">0<\/td><td class=\"has-text-align-center\" data-align=\"center\">0<\/td><td class=\"has-text-align-center\" data-align=\"center\">0<\/td><\/tr><\/tbody><\/table><\/figure>\n\n\n\n<p class=\"has-small-font-size\">* Se han considerado de \u00ablargo recorrido\u00bb aquellos peregrinos que han recorrido la ruta entera, en el caso de haber un punto inicial de ruta definido a m\u00e1s de 200 km de Compostela o, en su defecto, hayan recorrido esa distancia como m\u00ednimo. <\/p>\n\n\n\n<h2 class=\"wp-block-heading\">NeoCaminos desde Braga<\/h2>\n\n\n\n<p>Aparte del CXGA hay otros dos NeoCaminos que establecen su punto de inicio en la ciudad de Braga y que est\u00e1n certificados por la Iglesia (el CXGA en marzo de 2019, el CRM en diciembre de 2020 y el CSR en diciembre de 2021). Estos son los datos:<\/p>\n\n\n\n<figure class=\"wp-block-table is-style-regular\" style=\"font-style:italic;font-weight:700\"><table class=\"has-pale-ocean-gradient-background has-background\"><thead><tr><th>Ruta<\/th><th class=\"has-text-align-center\" data-align=\"center\">Desde Braga<\/th><th class=\"has-text-align-center\" data-align=\"center\">Desde Braga a pie<\/th><\/tr><\/thead><tbody><tr><td>Geira Arrieiros (CXGA)<\/td><td class=\"has-text-align-center\" data-align=\"center\">264<\/td><td class=\"has-text-align-center\" data-align=\"center\">193<\/td><\/tr><tr><td>Ribeiro Mi\u00f1oto (CRM)<\/td><td class=\"has-text-align-center\" data-align=\"center\">17<\/td><td class=\"has-text-align-center\" data-align=\"center\">5<\/td><\/tr><tr><td>San Rosendo (CSR)<\/td><td class=\"has-text-align-center\" data-align=\"center\">0<\/td><td class=\"has-text-align-center\" data-align=\"center\">0<\/td><\/tr><\/tbody><\/table><\/figure>\n\n\n\n<p><strong>Art\u00edculo basado en los <a href=\"https:\/\/oficinadelperegrino.com\/estadisticas-2\/\" data-type=\"link\" data-id=\"https:\/\/oficinadelperegrino.com\/estadisticas-2\/\" target=\"_blank\" rel=\"noreferrer noopener\">datos oficiales<\/a> del per\u00edodo 1 de enero a 27 de agosto de 2023.<\/strong><\/p>\n","protected":false},"excerpt":{"rendered":"<p>El peregrinaje individual, en pareja o en grupos reducidos ya parece algo del pasado. Desde la celebraci\u00f3n de la PEJ 2022 se ha generalizado la moda de caminar en grandes grupos. Cierto es que anteriormente ya se hac\u00eda as\u00ed, pero puede que de una forma mucho m\u00e1s discreta y silenciosa. Por el Cami\u00f1o Xacobeo da Geira e dos Arrieiros (CXGA) pas\u00f3 alg\u00fan numeroso grupo que ten\u00eda como regla caminar en silencio gran parte del recorrido, un buen m\u00e9todo para poder empaparse de la parte espiritual <span class=\"more-link\"><a href=\"https:\/\/www.debragaasantiago.com\/geira-arrieiros\/mejor-calidad-que-cantidad\/\" rel=\"nofollow\">Read More<\/a><\/span><\/p>\n","protected":false},"author":1,"featured_media":3589,"comment_status":"closed","ping_status":"open","sticky":false,"template":"","format":"standard","meta":{"_uag_custom_page_level_css":"","_genesis_hide_title":false,"_genesis_hide_breadcrumbs":false,"_genesis_hide_singular_image":false,"_genesis_hide_footer_widgets":false,"_genesis_custom_body_class":"","_genesis_custom_post_class":"","_genesis_layout":"","footnotes":""},"categories":[1,24,26],"tags":[],"class_list":{"0":"post-3586","1":"post","2":"type-post","3":"status-publish","4":"format-standard","5":"has-post-thumbnail","7":"category-peregrinos-camino-xacobeo-geira-romana-arrieiros","8":"category-novedades-2023","9":"category-estadisticas","10":"entry"},"uagb_featured_image_src":{"full":["https:\/\/www.debragaasantiago.com\/geira-arrieiros\/alquiler\/estadisticas-peregrinos-agosto-23santiago-camino-oficiales.jpg",583,263,false],"thumbnail":["https:\/\/www.debragaasantiago.com\/geira-arrieiros\/alquiler\/estadisticas-peregrinos-agosto-23santiago-camino-oficiales-150x150.jpg",150,150,true],"medium":["https:\/\/www.debragaasantiago.com\/geira-arrieiros\/alquiler\/estadisticas-peregrinos-agosto-23santiago-camino-oficiales-300x135.jpg",300,135,true],"medium_large":["https:\/\/www.debragaasantiago.com\/geira-arrieiros\/alquiler\/estadisticas-peregrinos-agosto-23santiago-camino-oficiales.jpg",583,263,false],"large":["https:\/\/www.debragaasantiago.com\/geira-arrieiros\/alquiler\/estadisticas-peregrinos-agosto-23santiago-camino-oficiales.jpg",583,263,false],"1536x1536":["https:\/\/www.debragaasantiago.com\/geira-arrieiros\/alquiler\/estadisticas-peregrinos-agosto-23santiago-camino-oficiales.jpg",583,263,false],"2048x2048":["https:\/\/www.debragaasantiago.com\/geira-arrieiros\/alquiler\/estadisticas-peregrinos-agosto-23santiago-camino-oficiales.jpg",583,263,false],"Blog Thumbnail":["https:\/\/www.debragaasantiago.com\/geira-arrieiros\/alquiler\/estadisticas-peregrinos-agosto-23santiago-camino-oficiales-198x198.jpg",198,198,true],"store":["https:\/\/www.debragaasantiago.com\/geira-arrieiros\/alquiler\/estadisticas-peregrinos-agosto-23santiago-camino-oficiales-420x189.jpg",420,189,true]},"uagb_author_info":{"display_name":"Pilgrim","author_link":"https:\/\/www.debragaasantiago.com\/geira-arrieiros\/author\/gral\/"},"uagb_comment_info":0,"uagb_excerpt":"El peregrinaje individual, en pareja o en grupos reducidos ya parece algo del pasado. Desde la celebraci\u00f3n de la PEJ 2022 se ha generalizado la moda de caminar en grandes grupos. Cierto es que anteriormente ya se hac\u00eda as\u00ed, pero puede que de una forma mucho m\u00e1s discreta y silenciosa. Por el Cami\u00f1o Xacobeo da&hellip;","_links":{"self":[{"href":"https:\/\/www.debragaasantiago.com\/geira-arrieiros\/wp-json\/wp\/v2\/posts\/3586","targetHints":{"allow":["GET"]}}],"collection":[{"href":"https:\/\/www.debragaasantiago.com\/geira-arrieiros\/wp-json\/wp\/v2\/posts"}],"about":[{"href":"https:\/\/www.debragaasantiago.com\/geira-arrieiros\/wp-json\/wp\/v2\/types\/post"}],"author":[{"embeddable":true,"href":"https:\/\/www.debragaasantiago.com\/geira-arrieiros\/wp-json\/wp\/v2\/users\/1"}],"replies":[{"embeddable":true,"href":"https:\/\/www.debragaasantiago.com\/geira-arrieiros\/wp-json\/wp\/v2\/comments?post=3586"}],"version-history":[{"count":24,"href":"https:\/\/www.debragaasantiago.com\/geira-arrieiros\/wp-json\/wp\/v2\/posts\/3586\/revisions"}],"predecessor-version":[{"id":4104,"href":"https:\/\/www.debragaasantiago.com\/geira-arrieiros\/wp-json\/wp\/v2\/posts\/3586\/revisions\/4104"}],"wp:featuredmedia":[{"embeddable":true,"href":"https:\/\/www.debragaasantiago.com\/geira-arrieiros\/wp-json\/wp\/v2\/media\/3589"}],"wp:attachment":[{"href":"https:\/\/www.debragaasantiago.com\/geira-arrieiros\/wp-json\/wp\/v2\/media?parent=3586"}],"wp:term":[{"taxonomy":"category","embeddable":true,"href":"https:\/\/www.debragaasantiago.com\/geira-arrieiros\/wp-json\/wp\/v2\/categories?post=3586"},{"taxonomy":"post_tag","embeddable":true,"href":"https:\/\/www.debragaasantiago.com\/geira-arrieiros\/wp-json\/wp\/v2\/tags?post=3586"}],"curies":[{"name":"wp","href":"https:\/\/api.w.org\/{rel}","templated":true}]}}