{"id":3550,"date":"2023-05-09T10:32:18","date_gmt":"2023-05-09T08:32:18","guid":{"rendered":"https:\/\/www.debragaasantiago.com\/geira-arrieiros\/?p=3550"},"modified":"2025-01-04T10:52:47","modified_gmt":"2025-01-04T09:52:47","slug":"datos-oficina-do-peregrino-05-23","status":"publish","type":"post","link":"https:\/\/www.debragaasantiago.com\/geira-arrieiros\/datos-oficina-do-peregrino-05-23\/","title":{"rendered":"Datos Oficina do Peregrino: o CGA \u00e9 decimo"},"content":{"rendered":"\n\n\n<p>O Cami\u00f1o Xacobeo da Geira e dos Arrieiros a d\u00eda 8 de maio mantense en d\u00e9cimo lugar nas estad\u00edsticas oficiais da Oficina do Peregrino de Santiago.<\/p>\n\n\n\n<!--more-->\n\n\n\n<p>O primiero posto est\u00e1 encabezado polo <strong>Cami\u00f1o Franc\u00e9s<\/strong> con 36.198 peregrinos, que supo\u00f1en o 49,62% do total. Nos seguintes lugares est\u00e1n o <strong>Cami\u00f1o Portugu\u00e9s Central <\/strong>e o <strong>da Costa<\/strong>, con 18.300 e 6.945 peregrinos e unhas porcentaxes do 25,08% e 9,53% respectivamente.<\/p>\n\n\n\n<div class=\"wp-block-uagb-image uagb-block-c3fdb7a8 wp-block-uagb-image--layout-default wp-block-uagb-image--effect-static wp-block-uagb-image--align-none\"><figure class=\"wp-block-uagb-image__figure\"><img decoding=\"async\" srcset=\"https:\/\/www.debragaasantiago.com\/geira-arrieiros\/alquiler\/estadisiticas-oficiales-camino-peregrinos-santiago-8-5-22.jpg \" sizes=\"auto, (max-width: 480px) 150px\" src=\"https:\/\/www.debragaasantiago.com\/geira-arrieiros\/alquiler\/estadisiticas-oficiales-camino-peregrinos-santiago-8-5-22.jpg\" alt=\"\" class=\"uag-image-3551\" width=\"624\" height=\"351\" title=\"\" loading=\"lazy\"\/><\/figure><\/div>\n\n\n\n<p>Para o <strong>Cami\u00f1o da Geira e dos Arrieiros<\/strong> os datos mostran que se concederon 132 Compostelas, 45 a cidad\u00e1ns portugueses, 15 a espa\u00f1ois e o resto rep\u00e1rtense entre outras 20 nacionalidades.<\/p>\n\n\n\n<p>\u00c9 moi destacable que o 70% fixo o cami\u00f1o enteiro (240 km), dato que vai contra a tendencia actual de limitarse a facer pouco m\u00e1is dos 100 \u00faltimos km, distancia m\u00ednima para recibir a Compostela.<\/p>\n\n\n\n<figure class=\"wp-block-image size-full is-resized\"><img loading=\"lazy\" decoding=\"async\" src=\"https:\/\/www.debragaasantiago.com\/geira-arrieiros\/alquiler\/estadisiticas-oficiales-camino-peregrinos-inicio-8-5-22.jpg\" alt=\"\" class=\"wp-image-3552\" width=\"542\" height=\"332\" srcset=\"https:\/\/www.debragaasantiago.com\/geira-arrieiros\/alquiler\/estadisiticas-oficiales-camino-peregrinos-inicio-8-5-22.jpg 461w, https:\/\/www.debragaasantiago.com\/geira-arrieiros\/alquiler\/estadisiticas-oficiales-camino-peregrinos-inicio-8-5-22-300x184.jpg 300w, https:\/\/www.debragaasantiago.com\/geira-arrieiros\/alquiler\/estadisiticas-oficiales-camino-peregrinos-inicio-8-5-22-420x257.jpg 420w\" sizes=\"auto, (max-width: 542px) 100vw, 542px\" \/><\/figure>\n\n\n\n<p>Los peregrinos fotografiados superan los 200, pero muchos de ellos no acuden a la Oficina del peregrino a por su Compostela por haberla obtenido ya en ocasiones anteriores o por preferir invertir el tiempo de la tramitaci\u00f3n en otras actividades.<\/p>\n","protected":false},"excerpt":{"rendered":"<p>O Cami\u00f1o Xacobeo da Geira e dos Arrieiros a d\u00eda 8 de maio mantense en d\u00e9cimo lugar nas estad\u00edsticas oficiais da Oficina do Peregrino de Santiago.<\/p>\n","protected":false},"author":1,"featured_media":3551,"comment_status":"closed","ping_status":"open","sticky":false,"template":"","format":"standard","meta":{"_uag_custom_page_level_css":"","_genesis_hide_title":false,"_genesis_hide_breadcrumbs":false,"_genesis_hide_singular_image":false,"_genesis_hide_footer_widgets":false,"_genesis_custom_body_class":"","_genesis_custom_post_class":"","_genesis_layout":"","footnotes":""},"categories":[1,24,26],"tags":[],"class_list":{"0":"post-3550","1":"post","2":"type-post","3":"status-publish","4":"format-standard","5":"has-post-thumbnail","7":"category-peregrinos-camino-xacobeo-geira-romana-arrieiros","8":"category-novedades-2023","9":"category-estadisticas","10":"entry"},"uagb_featured_image_src":{"full":["https:\/\/www.debragaasantiago.com\/geira-arrieiros\/alquiler\/estadisiticas-oficiales-camino-peregrinos-santiago-8-5-22.jpg",624,351,false],"thumbnail":["https:\/\/www.debragaasantiago.com\/geira-arrieiros\/alquiler\/estadisiticas-oficiales-camino-peregrinos-santiago-8-5-22-150x150.jpg",150,150,true],"medium":["https:\/\/www.debragaasantiago.com\/geira-arrieiros\/alquiler\/estadisiticas-oficiales-camino-peregrinos-santiago-8-5-22-300x169.jpg",300,169,true],"medium_large":["https:\/\/www.debragaasantiago.com\/geira-arrieiros\/alquiler\/estadisiticas-oficiales-camino-peregrinos-santiago-8-5-22.jpg",624,351,false],"large":["https:\/\/www.debragaasantiago.com\/geira-arrieiros\/alquiler\/estadisiticas-oficiales-camino-peregrinos-santiago-8-5-22.jpg",624,351,false],"1536x1536":["https:\/\/www.debragaasantiago.com\/geira-arrieiros\/alquiler\/estadisiticas-oficiales-camino-peregrinos-santiago-8-5-22.jpg",624,351,false],"2048x2048":["https:\/\/www.debragaasantiago.com\/geira-arrieiros\/alquiler\/estadisiticas-oficiales-camino-peregrinos-santiago-8-5-22.jpg",624,351,false],"Blog Thumbnail":["https:\/\/www.debragaasantiago.com\/geira-arrieiros\/alquiler\/estadisiticas-oficiales-camino-peregrinos-santiago-8-5-22-198x198.jpg",198,198,true],"store":["https:\/\/www.debragaasantiago.com\/geira-arrieiros\/alquiler\/estadisiticas-oficiales-camino-peregrinos-santiago-8-5-22-420x236.jpg",420,236,true]},"uagb_author_info":{"display_name":"Pilgrim","author_link":"https:\/\/www.debragaasantiago.com\/geira-arrieiros\/author\/gral\/"},"uagb_comment_info":0,"uagb_excerpt":"O Cami\u00f1o Xacobeo da Geira e dos Arrieiros a d\u00eda 8 de maio mantense en d\u00e9cimo lugar nas estad\u00edsticas oficiais da Oficina do Peregrino de Santiago.","_links":{"self":[{"href":"https:\/\/www.debragaasantiago.com\/geira-arrieiros\/wp-json\/wp\/v2\/posts\/3550","targetHints":{"allow":["GET"]}}],"collection":[{"href":"https:\/\/www.debragaasantiago.com\/geira-arrieiros\/wp-json\/wp\/v2\/posts"}],"about":[{"href":"https:\/\/www.debragaasantiago.com\/geira-arrieiros\/wp-json\/wp\/v2\/types\/post"}],"author":[{"embeddable":true,"href":"https:\/\/www.debragaasantiago.com\/geira-arrieiros\/wp-json\/wp\/v2\/users\/1"}],"replies":[{"embeddable":true,"href":"https:\/\/www.debragaasantiago.com\/geira-arrieiros\/wp-json\/wp\/v2\/comments?post=3550"}],"version-history":[{"count":3,"href":"https:\/\/www.debragaasantiago.com\/geira-arrieiros\/wp-json\/wp\/v2\/posts\/3550\/revisions"}],"predecessor-version":[{"id":3556,"href":"https:\/\/www.debragaasantiago.com\/geira-arrieiros\/wp-json\/wp\/v2\/posts\/3550\/revisions\/3556"}],"wp:featuredmedia":[{"embeddable":true,"href":"https:\/\/www.debragaasantiago.com\/geira-arrieiros\/wp-json\/wp\/v2\/media\/3551"}],"wp:attachment":[{"href":"https:\/\/www.debragaasantiago.com\/geira-arrieiros\/wp-json\/wp\/v2\/media?parent=3550"}],"wp:term":[{"taxonomy":"category","embeddable":true,"href":"https:\/\/www.debragaasantiago.com\/geira-arrieiros\/wp-json\/wp\/v2\/categories?post=3550"},{"taxonomy":"post_tag","embeddable":true,"href":"https:\/\/www.debragaasantiago.com\/geira-arrieiros\/wp-json\/wp\/v2\/tags?post=3550"}],"curies":[{"name":"wp","href":"https:\/\/api.w.org\/{rel}","templated":true}]}}