{"id":3474,"date":"2023-04-21T12:11:11","date_gmt":"2023-04-21T10:11:11","guid":{"rendered":"https:\/\/www.debragaasantiago.com\/geira-arrieiros\/?p=3474"},"modified":"2025-01-04T10:54:01","modified_gmt":"2025-01-04T09:54:01","slug":"jornalista-de-leiria-na-national-geographic-caminho-portugues-da-geira","status":"publish","type":"post","link":"https:\/\/www.debragaasantiago.com\/geira-arrieiros\/jornalista-de-leiria-na-national-geographic-caminho-portugues-da-geira\/","title":{"rendered":"Jornalista de Leiria assina texto na National Geographic dedicada ao Caminho da Geira"},"content":{"rendered":"\n<p><em>O Caminho da Geira e dos Arrieiros \u00e9 descrito e interpretado pelo jornalista Carlos Ferreira na Edi\u00e7\u00e3o Especial Viagens que acaba de chegar \u00e0s bancas.<\/em><\/p>\n\n\n\n<!--more-->\n\n\n\n<div class=\"wp-block-uagb-image uagb-block-3b230ae6 wp-block-uagb-image--layout-default wp-block-uagb-image--effect-static wp-block-uagb-image--align-none\"><figure class=\"wp-block-uagb-image__figure\"><img decoding=\"async\" srcset=\"https:\/\/www.debragaasantiago.com\/geira-arrieiros\/alquiler\/national-geographic-carlos-ferreira-caminho-santiago-portugues.jpg \" src=\"https:\/\/www.debragaasantiago.com\/geira-arrieiros\/alquiler\/national-geographic-carlos-ferreira-caminho-santiago-portugues.jpg\" alt=\"\" class=\"uag-image-3475\" title=\"\" loading=\"lazy\"\/><\/figure><\/div>\n\n\n\n<p>O jornalista Carlos Ferreira, colaborador do REGI\u00c3O DE LEIRIA, \u00e9 um dos convidados da revista <strong>National Geographic<\/strong> \u2013 Edi\u00e7\u00e3o Especial Viagens que acaba de chegar \u00e0s bancas e \u00e9 dedicada aos caminhos portugueses de Santiago.<\/p>\n\n\n\n<p>Coordenada pelo historiador Paulo Almeida Fernandes, esta edi\u00e7\u00e3o da revista descreve e interpreta os v\u00e1rios percursos, explicando a sua g\u00e9nese e tradi\u00e7\u00e3o atrav\u00e9s do contributo de diversos autores.<\/p>\n\n\n\n<p>Carlos Ferreira assina o artigo sobre o <strong>Caminho da Geira e dos Arrieiros<\/strong> (CGA), o \u00fanico dos novos itiner\u00e1rios a partir de Portugal que est\u00e1 a renascer e a crescer apenas por iniciativa dos peregrinos. O jornalista fez o CGA, pela primeira vez, em maio de 2017, tendo sido o quarto peregrino a conclu\u00ed-lo e o primeiro a concretiz\u00e1-lo sozinho.<\/p>\n\n\n\n<p>Escrito na primeira pessoa, sob o estilo de cr\u00f3nica, o texto descreve este percurso de 240 quil\u00f3metros e o que o destaca em rela\u00e7\u00e3o aos restantes. O CGA come\u00e7a na S\u00e9 de Braga e passa pelos munic\u00edpios de Amares, Terras de Bouro e Melga\u00e7o, entrando na Galiza pela Portela Homem. Inclui patrim\u00f3nios \u00fanicos no mundo como a Geira Romana, a via mais bem conservada do antigo Imp\u00e9rio Romano do Ocidente, e a Reserva da Biosfera Transfronteiri\u00e7a Ger\u00eas-Xur\u00e9s. Tem ainda a particularidade de ser um dos escassos cinco caminhos que ligam diretamente \u00e0 Catedral de Santiago de Compostela.<\/p>\n\n\n\n<div class=\"wp-block-uagb-image uagb-block-b21727d9 wp-block-uagb-image--layout-default wp-block-uagb-image--effect-static wp-block-uagb-image--align-none\"><figure class=\"wp-block-uagb-image__figure\"><img decoding=\"async\" srcset=\"https:\/\/www.debragaasantiago.com\/geira-arrieiros\/alquiler\/geira-peregrinos-national-geographic.jpg \" src=\"https:\/\/www.debragaasantiago.com\/geira-arrieiros\/alquiler\/geira-peregrinos-national-geographic.jpg\" alt=\"\" class=\"uag-image-3476\" title=\"\" loading=\"lazy\"\/><\/figure><\/div>\n\n\n","protected":false},"excerpt":{"rendered":"<p>O Caminho da Geira e dos Arrieiros \u00e9 descrito e interpretado pelo jornalista Carlos Ferreira na Edi\u00e7\u00e3o Especial Viagens que acaba de chegar \u00e0s bancas.<\/p>\n","protected":false},"author":1,"featured_media":3475,"comment_status":"closed","ping_status":"open","sticky":false,"template":"","format":"standard","meta":{"_uag_custom_page_level_css":"","_genesis_hide_title":false,"_genesis_hide_breadcrumbs":false,"_genesis_hide_singular_image":false,"_genesis_hide_footer_widgets":false,"_genesis_custom_body_class":"","_genesis_custom_post_class":"","_genesis_layout":"","footnotes":""},"categories":[1,24,27],"tags":[],"class_list":{"0":"post-3474","1":"post","2":"type-post","3":"status-publish","4":"format-standard","5":"has-post-thumbnail","7":"category-peregrinos-camino-xacobeo-geira-romana-arrieiros","8":"category-novedades-2023","9":"category-prensa-e-publicacions","10":"entry"},"uagb_featured_image_src":{"full":["https:\/\/www.debragaasantiago.com\/geira-arrieiros\/alquiler\/national-geographic-carlos-ferreira-caminho-santiago-portugues.jpg",943,493,false],"thumbnail":["https:\/\/www.debragaasantiago.com\/geira-arrieiros\/alquiler\/national-geographic-carlos-ferreira-caminho-santiago-portugues-150x150.jpg",150,150,true],"medium":["https:\/\/www.debragaasantiago.com\/geira-arrieiros\/alquiler\/national-geographic-carlos-ferreira-caminho-santiago-portugues-300x157.jpg",300,157,true],"medium_large":["https:\/\/www.debragaasantiago.com\/geira-arrieiros\/alquiler\/national-geographic-carlos-ferreira-caminho-santiago-portugues-768x402.jpg",768,402,true],"large":["https:\/\/www.debragaasantiago.com\/geira-arrieiros\/alquiler\/national-geographic-carlos-ferreira-caminho-santiago-portugues.jpg",943,493,false],"1536x1536":["https:\/\/www.debragaasantiago.com\/geira-arrieiros\/alquiler\/national-geographic-carlos-ferreira-caminho-santiago-portugues.jpg",943,493,false],"2048x2048":["https:\/\/www.debragaasantiago.com\/geira-arrieiros\/alquiler\/national-geographic-carlos-ferreira-caminho-santiago-portugues.jpg",943,493,false],"Blog Thumbnail":["https:\/\/www.debragaasantiago.com\/geira-arrieiros\/alquiler\/national-geographic-carlos-ferreira-caminho-santiago-portugues-198x198.jpg",198,198,true],"store":["https:\/\/www.debragaasantiago.com\/geira-arrieiros\/alquiler\/national-geographic-carlos-ferreira-caminho-santiago-portugues-420x220.jpg",420,220,true]},"uagb_author_info":{"display_name":"Pilgrim","author_link":"https:\/\/www.debragaasantiago.com\/geira-arrieiros\/author\/gral\/"},"uagb_comment_info":0,"uagb_excerpt":"O Caminho da Geira e dos Arrieiros \u00e9 descrito e interpretado pelo jornalista Carlos Ferreira na Edi\u00e7\u00e3o Especial Viagens que acaba de chegar \u00e0s bancas.","_links":{"self":[{"href":"https:\/\/www.debragaasantiago.com\/geira-arrieiros\/wp-json\/wp\/v2\/posts\/3474","targetHints":{"allow":["GET"]}}],"collection":[{"href":"https:\/\/www.debragaasantiago.com\/geira-arrieiros\/wp-json\/wp\/v2\/posts"}],"about":[{"href":"https:\/\/www.debragaasantiago.com\/geira-arrieiros\/wp-json\/wp\/v2\/types\/post"}],"author":[{"embeddable":true,"href":"https:\/\/www.debragaasantiago.com\/geira-arrieiros\/wp-json\/wp\/v2\/users\/1"}],"replies":[{"embeddable":true,"href":"https:\/\/www.debragaasantiago.com\/geira-arrieiros\/wp-json\/wp\/v2\/comments?post=3474"}],"version-history":[{"count":1,"href":"https:\/\/www.debragaasantiago.com\/geira-arrieiros\/wp-json\/wp\/v2\/posts\/3474\/revisions"}],"predecessor-version":[{"id":3477,"href":"https:\/\/www.debragaasantiago.com\/geira-arrieiros\/wp-json\/wp\/v2\/posts\/3474\/revisions\/3477"}],"wp:featuredmedia":[{"embeddable":true,"href":"https:\/\/www.debragaasantiago.com\/geira-arrieiros\/wp-json\/wp\/v2\/media\/3475"}],"wp:attachment":[{"href":"https:\/\/www.debragaasantiago.com\/geira-arrieiros\/wp-json\/wp\/v2\/media?parent=3474"}],"wp:term":[{"taxonomy":"category","embeddable":true,"href":"https:\/\/www.debragaasantiago.com\/geira-arrieiros\/wp-json\/wp\/v2\/categories?post=3474"},{"taxonomy":"post_tag","embeddable":true,"href":"https:\/\/www.debragaasantiago.com\/geira-arrieiros\/wp-json\/wp\/v2\/tags?post=3474"}],"curies":[{"name":"wp","href":"https:\/\/api.w.org\/{rel}","templated":true}]}}