{"id":3466,"date":"2022-10-13T22:03:00","date_gmt":"2022-10-13T20:03:00","guid":{"rendered":"https:\/\/www.debragaasantiago.com\/geira-arrieiros\/?p=3466"},"modified":"2025-01-04T10:56:29","modified_gmt":"2025-01-04T09:56:29","slug":"peregrino-os-mesmos-caminho-guimaraes-santiago-de-compostela","status":"publish","type":"post","link":"https:\/\/www.debragaasantiago.com\/geira-arrieiros\/peregrino-os-mesmos-caminho-guimaraes-santiago-de-compostela\/","title":{"rendered":"Dia do Peregrino: \u00abOs Mesmos\u00bb cumpriram Caminho da Geira e dos Arrieiros de Guimar\u00e3es at\u00e9 Santiago de Compostela"},"content":{"rendered":"\n<p>Caminhar com o sentido da peregrina\u00e7\u00e3o \u00e9 uma das linhas de ac\u00e7\u00e3o do Grupo Desportivo Recreativo Cultural \u00abOs Mesmos das Cancelas da Veiga\u00bb. No passado domingo, 122 pessoas chegaram ao recinto da catedral de Santiago de Compostela, ultrapassando os desafios e exig\u00eancias dos trilhos do Caminho da Geira e dos Arrieiros, incentivadas pela actividade que a Institui\u00e7\u00e3o desenvolve h\u00e1 cerca de cinco anos.<\/p>\n\n\n\n<!--more-->\n\n\n\n<div class=\"wp-block-uagb-image uagb-block-028ef7d6 wp-block-uagb-image--layout-default wp-block-uagb-image--effect-static wp-block-uagb-image--align-none\"><figure class=\"wp-block-uagb-image__figure\"><img decoding=\"async\" srcset=\"https:\/\/www.debragaasantiago.com\/geira-arrieiros\/alquiler\/guimaraes-os-mesmos-peregrinos-compostela-camino.jpg \" src=\"https:\/\/www.debragaasantiago.com\/geira-arrieiros\/alquiler\/guimaraes-os-mesmos-peregrinos-compostela-camino.jpg\" alt=\"\" class=\"uag-image-3463\" width=\"\" height=\"\" title=\"\" loading=\"lazy\"\/><\/figure><\/div>\n\n\n\n<p>O projecto iniciou-se em <strong>Janeiro de 2020<\/strong>, sendo inesperadamente interrompido quando estavam cumpridas as duas primeiras etapas. Este ano, as restantes 10 foram atingidas, com a presen\u00e7a de um n\u00famero cada vez mais elevado de participantes. A meta foi atingida poucos dias antes da comemora\u00e7\u00e3o do Dia Nacional do Peregrino, que se celebra esta quinta-feira 13 de Outubro.<\/p>\n\n\n\n<p>Para Fernanda Abreu, vice-presidente da direc\u00e7\u00e3o da colectividade, \u00aba caminhada tem sempre um sentido\u00bb, cabendo \u00aba esperan\u00e7a, a f\u00e9 e a alegria\u00bb no esp\u00edrito que envolve um grupo de pessoas numa jornada com destino a um local sagrado.<\/p>\n\n\n\n<p>\u00abPeregrinar \u00e9 muito mais do que o acto de caminhar, porque o mundo muda dentro de cada um de n\u00f3s: acalma, inspira, agu\u00e7a a mente, oferece a sensa\u00e7\u00e3o de liberdade e de conex\u00e3o com o outro\u00bb, explicou a dirigente, indicando que esta vertente do programa de actividades acabou por reflectir-se na din\u00e2mica da Associa\u00e7\u00e3o.<\/p>\n\n\n\n<p>\u00abCome\u00e7amos com um grupo e quando chegamos ao destino temos sempre o triplo das pessoas, envolvidas e motivadas\u00bb, acrescenta, descrevendo; \u00abenergeticamente e socialmente sentimos uma conex\u00e3o grande com os outros. A sensa\u00e7\u00e3o de liberdade \u00e9 enorme\u00bb.<\/p>\n\n\n\n<p>Para chegar de Guimar\u00e3es a Santiago de Compostela, pelo Caminho da Geira e dos Arrieiros, foi preciso vencer 280 quil\u00f3metros, num percurso \u00abque n\u00e3o estava marcado e dif\u00edcil porque o parque natural da Peneda-Ger\u00eas exige respeito\u00bb. \u00abApanhamos a pandemia quando t\u00ednhamos percorrido as etapas Guimar\u00e3es-Braga e Braga-Santa Cruz\u00bb, lembrou, ao justificar que em Janeiro deste ano o projecto foi retomado. \u00abNa \u00faltima etapa, participaram 122 peregrinos\u00bb, observou, reconhecendo a responsabilidade log\u00edstica para a Institui\u00e7\u00e3o que garante o apoio permanente, com uma carrinha de apoio e estabelece contactos pr\u00e9vios com as entidades dos locais que percorrem. \u00abSomos todos volunt\u00e1rios e cada um d\u00e1 o melhor de si. Acredito muito na lei do retorno e quando nos entregamos com amor, tudo flui de forma mais f\u00e1cil\u00bb, sublinhou.<\/p>\n\n\n\n<p>O pr\u00f3ximo projecto da Institui\u00e7\u00e3o para executar ao longo do pr\u00f3ximo ano j\u00e1 est\u00e1 a ser preparado e ser\u00e1 certamente mais uma esp\u00e9cie de reconquista dos lugares atravessados pelos nossos antepassados. As caminhadas v\u00e3o continuar para satisfa\u00e7\u00e3o daqueles que nelas encontram uma felicidade para muitos dif\u00edcil de compreender.<\/p>\n\n\n\n<p>Foto: Facebook Caminho de Santiago &#8211; Os Mesmos<\/p>\n\n\n\n<p>Fonte: <a href=\"https:\/\/www.guimaraesdigital.pt\/index.php\/informacao\/sociedade\/76679-dia-do-peregrino-os-mesmos-cumpriram-caminho-da-geira-e-dos-arrieiros-de-guimaraes-ate-santiago-de-compostela\" target=\"_blank\" rel=\"noreferrer noopener\">https:\/\/<strong>www.guimaraesdigital.pt<\/strong>\/index.php\/informacao\/sociedade\/76679-dia-do-peregrino-os-mesmos-cumpriram-caminho-da-geira-e-dos-arrieiros-de-guimaraes-ate-santiago-de-compostela<\/a><\/p>\n\n\n","protected":false},"excerpt":{"rendered":"<p>Caminhar com o sentido da peregrina\u00e7\u00e3o \u00e9 uma das linhas de ac\u00e7\u00e3o do Grupo Desportivo Recreativo Cultural \u00abOs Mesmos das Cancelas da Veiga\u00bb. No passado domingo, 122 pessoas chegaram ao recinto da catedral de Santiago de Compostela, ultrapassando os desafios e exig\u00eancias dos trilhos do Caminho da Geira e dos Arrieiros, incentivadas pela actividade que a Institui\u00e7\u00e3o desenvolve h\u00e1 cerca de cinco anos.<\/p>\n","protected":false},"author":1,"featured_media":3463,"comment_status":"closed","ping_status":"open","sticky":false,"template":"","format":"standard","meta":{"_uag_custom_page_level_css":"","_genesis_hide_title":false,"_genesis_hide_breadcrumbs":false,"_genesis_hide_singular_image":false,"_genesis_hide_footer_widgets":false,"_genesis_custom_body_class":"","_genesis_custom_post_class":"","_genesis_layout":"","footnotes":""},"categories":[1,24,29],"tags":[],"class_list":{"0":"post-3466","1":"post","2":"type-post","3":"status-publish","4":"format-standard","5":"has-post-thumbnail","7":"category-peregrinos-camino-xacobeo-geira-romana-arrieiros","8":"category-novedades-2023","9":"category-asociacions-e-colaboradores","10":"entry"},"uagb_featured_image_src":{"full":["https:\/\/www.debragaasantiago.com\/geira-arrieiros\/alquiler\/guimaraes-os-mesmos-peregrinos-compostela-camino.jpg",800,360,false],"thumbnail":["https:\/\/www.debragaasantiago.com\/geira-arrieiros\/alquiler\/guimaraes-os-mesmos-peregrinos-compostela-camino-150x150.jpg",150,150,true],"medium":["https:\/\/www.debragaasantiago.com\/geira-arrieiros\/alquiler\/guimaraes-os-mesmos-peregrinos-compostela-camino-300x135.jpg",300,135,true],"medium_large":["https:\/\/www.debragaasantiago.com\/geira-arrieiros\/alquiler\/guimaraes-os-mesmos-peregrinos-compostela-camino-768x346.jpg",768,346,true],"large":["https:\/\/www.debragaasantiago.com\/geira-arrieiros\/alquiler\/guimaraes-os-mesmos-peregrinos-compostela-camino.jpg",800,360,false],"1536x1536":["https:\/\/www.debragaasantiago.com\/geira-arrieiros\/alquiler\/guimaraes-os-mesmos-peregrinos-compostela-camino.jpg",800,360,false],"2048x2048":["https:\/\/www.debragaasantiago.com\/geira-arrieiros\/alquiler\/guimaraes-os-mesmos-peregrinos-compostela-camino.jpg",800,360,false],"Blog Thumbnail":["https:\/\/www.debragaasantiago.com\/geira-arrieiros\/alquiler\/guimaraes-os-mesmos-peregrinos-compostela-camino-198x198.jpg",198,198,true],"store":["https:\/\/www.debragaasantiago.com\/geira-arrieiros\/alquiler\/guimaraes-os-mesmos-peregrinos-compostela-camino-420x189.jpg",420,189,true]},"uagb_author_info":{"display_name":"Pilgrim","author_link":"https:\/\/www.debragaasantiago.com\/geira-arrieiros\/author\/gral\/"},"uagb_comment_info":0,"uagb_excerpt":"Caminhar com o sentido da peregrina\u00e7\u00e3o \u00e9 uma das linhas de ac\u00e7\u00e3o do Grupo Desportivo Recreativo Cultural \u00abOs Mesmos das Cancelas da Veiga\u00bb. No passado domingo, 122 pessoas chegaram ao recinto da catedral de Santiago de Compostela, ultrapassando os desafios e exig\u00eancias dos trilhos do Caminho da Geira e dos Arrieiros, incentivadas pela actividade que&hellip;","_links":{"self":[{"href":"https:\/\/www.debragaasantiago.com\/geira-arrieiros\/wp-json\/wp\/v2\/posts\/3466","targetHints":{"allow":["GET"]}}],"collection":[{"href":"https:\/\/www.debragaasantiago.com\/geira-arrieiros\/wp-json\/wp\/v2\/posts"}],"about":[{"href":"https:\/\/www.debragaasantiago.com\/geira-arrieiros\/wp-json\/wp\/v2\/types\/post"}],"author":[{"embeddable":true,"href":"https:\/\/www.debragaasantiago.com\/geira-arrieiros\/wp-json\/wp\/v2\/users\/1"}],"replies":[{"embeddable":true,"href":"https:\/\/www.debragaasantiago.com\/geira-arrieiros\/wp-json\/wp\/v2\/comments?post=3466"}],"version-history":[{"count":2,"href":"https:\/\/www.debragaasantiago.com\/geira-arrieiros\/wp-json\/wp\/v2\/posts\/3466\/revisions"}],"predecessor-version":[{"id":3468,"href":"https:\/\/www.debragaasantiago.com\/geira-arrieiros\/wp-json\/wp\/v2\/posts\/3466\/revisions\/3468"}],"wp:featuredmedia":[{"embeddable":true,"href":"https:\/\/www.debragaasantiago.com\/geira-arrieiros\/wp-json\/wp\/v2\/media\/3463"}],"wp:attachment":[{"href":"https:\/\/www.debragaasantiago.com\/geira-arrieiros\/wp-json\/wp\/v2\/media?parent=3466"}],"wp:term":[{"taxonomy":"category","embeddable":true,"href":"https:\/\/www.debragaasantiago.com\/geira-arrieiros\/wp-json\/wp\/v2\/categories?post=3466"},{"taxonomy":"post_tag","embeddable":true,"href":"https:\/\/www.debragaasantiago.com\/geira-arrieiros\/wp-json\/wp\/v2\/tags?post=3466"}],"curies":[{"name":"wp","href":"https:\/\/api.w.org\/{rel}","templated":true}]}}