{"id":3389,"date":"2023-01-11T10:52:00","date_gmt":"2023-01-11T09:52:00","guid":{"rendered":"https:\/\/www.debragaasantiago.com\/geira-arrieiros\/?p=3389"},"modified":"2025-01-04T10:56:09","modified_gmt":"2025-01-04T09:56:09","slug":"braga-avanca-com-sinalizacao-e-preservacao-do-caminho","status":"publish","type":"post","link":"https:\/\/www.debragaasantiago.com\/geira-arrieiros\/braga-avanca-com-sinalizacao-e-preservacao-do-caminho\/","title":{"rendered":"Munic\u00edpio de Braga avan\u00e7a com sinaliza\u00e7\u00e3o\u00a0e preserva\u00e7\u00e3o do caminho"},"content":{"rendered":"\n<p>O <strong>Munic\u00edpio de Braga<\/strong> pretende avan\u00e7ar a partir da pr\u00f3xima primavera com a sinaliza\u00e7\u00e3o e preserva\u00e7\u00e3o do <strong>Caminho da Geira e dos Arrieiros<\/strong>, no \u00e2mbito de um programa mais vasto que abrange tamb\u00e9m outras rotas jacobeias que passam pelo concelho.<\/p>\n\n\n\n<!--more-->\n\n\n\n<div class=\"wp-block-uagb-image uagb-block-81b063f8 wp-block-uagb-image--layout-default wp-block-uagb-image--effect-static wp-block-uagb-image--align-none\"><figure class=\"wp-block-uagb-image__figure\"><img decoding=\"async\" srcset=\"https:\/\/www.debragaasantiago.com\/geira-arrieiros\/alquiler\/braga-caminho-jacobeus-santiago-peregrinos-geira-1024x538.jpg \" src=\"https:\/\/www.debragaasantiago.com\/geira-arrieiros\/alquiler\/braga-caminho-jacobeus-santiago-peregrinos-geira-1024x538.jpg\" alt=\"\" class=\"uag-image-3390\" title=\"\" loading=\"lazy\"\/><figcaption class=\"uagb-image-caption\">Foto: DR \/ Arquivo<\/figcaption><\/figure><\/div>\n\n\n\n<p>\u201cPorque nos \u00faltimos anos houve menos gente a circular, fruto da retra\u00e7\u00e3o provocada pela pandemia, e em resultado das recentes intemp\u00e9ries\u201d, ser\u00e1 necess\u00e1rio intervir de novo na preserva\u00e7\u00e3o dos caminhos de Santiago, ap\u00f3s o \u201cinvestimento substancial\u201d feito h\u00e1 quase cinco anos, anunciou na passada semana o adjunto do presidente da C\u00e2mara de Braga, Ant\u00f3nio Barroso.<\/p>\n\n\n\n<p>O respons\u00e1vel, que representou o presidente do munic\u00edpio, Ricardo Rio, na sess\u00e3o de tomada de posse dos \u00f3rg\u00e3os sociais da AEJ para o bi\u00e9nio 2023\/2024, no Audit\u00f3rio do Museu de Arqueologia D. Diogo de Sousa, adiantou que, \u201cassim que venha a primavera\u201d, a autarquia \u201cconseguir\u00e1 preservar os caminhos Central antigo e de Torres\u201d, a confirmar-se a necessidade de uma interven\u00e7\u00e3o.<\/p>\n\n\n\n<p>Mas a autarquia \u201cj\u00e1 tem em m\u00e3os outros dois grandes projetos de caminhos\u201d, a desenvolver com a AEJ, adiantou o adjunto do presidente da C\u00e2mara de Braga. O munic\u00edpio \u201cquer agora, efetivamente, avan\u00e7ar com o trabalho de sinal\u00e9tica e de preserva\u00e7\u00e3o\u201d do Caminho da Geira e dos Arrieiros, que \u201cficou adiado\u201d devido \u00e0 pandemia, bem como em rela\u00e7\u00e3o ao Caminho de S\u00e3o Rosendo, que \u201ctamb\u00e9m tem espa\u00e7o nas rotas jacobeias\u201d, explicou. A via Mariana, que liga o Sameiro e santu\u00e1rios marianos na Galiza, ser\u00e1 o objetivo seguinte.<\/p>\n\n\n\n<p>Noutra \u00e1rea, Ant\u00f3nio Barroso revelou que a autarquia \u201cest\u00e1 empenhada em fazer o projeto para a instala\u00e7\u00e3o de um albergue de peregrinos na antiga sede da Junta de Freguesia da Cividade\u201d, em colabora\u00e7\u00e3o com a AEJ e a Uni\u00e3o de Freguesias de Maximinos, S\u00e9 e Cividade.<\/p>\n\n\n\n<p>Para j\u00e1, importa \u201cperceber o que est\u00e1 em causa, at\u00e9 porque h\u00e1 algumas condicionantes, pois o espa\u00e7o \u00e9 na zona hist\u00f3rica\u201d, mas \u00e9 \u201cum investimento que interessa para peregrinos, para as rotas jacobeias, mas tamb\u00e9m para albergar outras pessoas em caso de emerg\u00eancia\u201d, explicou.<\/p>\n\n\n\n<p>Na sess\u00e3o de tomada de posse, o novo presidente da AEJ, Ant\u00f3nio Devesa, destacou o orgulho dos associados no crescimento da associa\u00e7\u00e3o, mas alertou que \u201cacarreta cada vez mais responsabilidades, tanto ao n\u00edvel de organiza\u00e7\u00e3o e comunica\u00e7\u00e3o interna, como na gest\u00e3o das expetativas de todos os peregrinos, associados ou n\u00e3o, que veem na AEJ a entidade que deve defender intransigentemente o superior interesse do peregrino e do Caminho Portugu\u00eas de Santiago\u201d.<\/p>\n\n\n\n<p>E, como salientou Ant\u00f3nio Devesa, \u201cdefender e promover o Caminho n\u00e3o \u00e9 pura e simplesmente colocar o maior n\u00famero de pessoas a caminhar. \u00c9, sim, fazer com que os que partem o fa\u00e7am preparados e imbu\u00eddos dos reais valores associados ao culto e \u00e0 peregrina\u00e7\u00e3o jacobeia\u201d.<\/p>\n\n\n\n<p>Por outro lado, \u201cs\u00f3 trabalhando em conjunto, aprendendo com o testemunho e valorizando o trabalho desenvolvido por todas as associa\u00e7\u00f5es e entidades jacobeias, \u00e9 poss\u00edvel potenciar a defesa do peregrino e do Caminho Portugu\u00eas de Santiago\u201d, referiu.<\/p>\n\n\n\n<p>Al\u00e9m de Ant\u00f3nio Devesa (Braga), a nova dire\u00e7\u00e3o \u00e9 constitu\u00edda pelos vice-presidentes Nuno Rodrigues (Barcelos), Lu\u00eds Miguel Sampaio (Braga) e Leonel Pereira (Guimar\u00e3es), enquanto o presidente da assembleia geral \u00e9 Adelino Oliveira Martins (Braga), o tesoureiro Manuel Fernandes (Braga), tendo como secret\u00e1rios Paulo Silva (Amares), Carina Fraz\u00e3o (F\u00e1tima), Guilherme Ribeiro (Braga) e Arlindo Garcia (Lisboa).<\/p>\n\n\n\n<p>O Caminho da Geira e dos Arrieiros come\u00e7a na S\u00e9 de Braga e passa pelos munic\u00edpios de Amares, Terras do Bouro, Castro Laboreiro e Melga\u00e7o, entrando na Galiza pela Portela Homem. Nos \u00faltimos seis anos foi percorrido por mais de tr\u00eas mil peregrinos, um ter\u00e7o dos quais em 2022; &nbsp;sobretudo de Portugal e Espanha, mas tamb\u00e9m de It\u00e1lia, Inglaterra, Alemanha, Cro\u00e1cia, Ucr\u00e2nia, R\u00fassia, Pol\u00f3nia, Brasil, EUA, Austr\u00e1lia ou Pa\u00edses Baixos.<br>Este itiner\u00e1rio foi apresentado em 2017 em Ribadavia (Galiza) e Braga, reconhecido pela Igreja em 2019, reconhecido em publica\u00e7\u00f5es da associa\u00e7\u00e3o de munic\u00edpios transfronteiri\u00e7os Eixo Atl\u00e2ntico (2020), do Turismo do Porto e Norte de Portugal (2021) e foi um itiner\u00e1rio oficial da Peregrina\u00e7\u00e3o Europeia de Jovens do Ano Santo Jacobeu 2021\/22.<\/p>\n\n\n\n<p>O percurso tem 240 quil\u00f3metros e destaca-se por incluir patrim\u00f3nios \u00fanicos no mundo: a Geira Romana, a via do g\u00e9nero mais bem conservada do mundo, e a Reserva da Biosfera Transfronteiri\u00e7a Ger\u00eas-Xur\u00e9s. Al\u00e9m disso, o seu tra\u00e7ado \u00e9 um dos escassos cinco que ligam diretamente \u00e0 Catedral de Santiago de Compostela.<\/p>\n\n\n\n<p>Fonte: <a rel=\"noreferrer noopener\" href=\"https:\/\/ominho.pt\/braga-avanca-com-sinalizacao-e-preservacao-do-caminho-que-liga-a-galiza\/\" target=\"_blank\">https:\/\/ominho.pt\/<\/a><\/p>\n","protected":false},"excerpt":{"rendered":"<p>O Munic\u00edpio de Braga pretende avan\u00e7ar a partir da pr\u00f3xima primavera com a sinaliza\u00e7\u00e3o e preserva\u00e7\u00e3o do Caminho da Geira e dos Arrieiros, no \u00e2mbito de um programa mais vasto que abrange tamb\u00e9m outras rotas jacobeias que passam pelo concelho.<\/p>\n","protected":false},"author":1,"featured_media":3390,"comment_status":"closed","ping_status":"open","sticky":false,"template":"","format":"standard","meta":{"_uag_custom_page_level_css":"","_genesis_hide_title":false,"_genesis_hide_breadcrumbs":false,"_genesis_hide_singular_image":false,"_genesis_hide_footer_widgets":false,"_genesis_custom_body_class":"","_genesis_custom_post_class":"","_genesis_layout":"","footnotes":""},"categories":[1,24,29],"tags":[],"class_list":{"0":"post-3389","1":"post","2":"type-post","3":"status-publish","4":"format-standard","5":"has-post-thumbnail","7":"category-peregrinos-camino-xacobeo-geira-romana-arrieiros","8":"category-novedades-2023","9":"category-asociacions-e-colaboradores","10":"entry"},"uagb_featured_image_src":{"full":["https:\/\/www.debragaasantiago.com\/geira-arrieiros\/alquiler\/braga-caminho-jacobeus-santiago-peregrinos-geira.jpg",1200,630,false],"thumbnail":["https:\/\/www.debragaasantiago.com\/geira-arrieiros\/alquiler\/braga-caminho-jacobeus-santiago-peregrinos-geira-150x150.jpg",150,150,true],"medium":["https:\/\/www.debragaasantiago.com\/geira-arrieiros\/alquiler\/braga-caminho-jacobeus-santiago-peregrinos-geira-300x158.jpg",300,158,true],"medium_large":["https:\/\/www.debragaasantiago.com\/geira-arrieiros\/alquiler\/braga-caminho-jacobeus-santiago-peregrinos-geira-768x403.jpg",768,403,true],"large":["https:\/\/www.debragaasantiago.com\/geira-arrieiros\/alquiler\/braga-caminho-jacobeus-santiago-peregrinos-geira-1024x538.jpg",1024,538,true],"1536x1536":["https:\/\/www.debragaasantiago.com\/geira-arrieiros\/alquiler\/braga-caminho-jacobeus-santiago-peregrinos-geira.jpg",1200,630,false],"2048x2048":["https:\/\/www.debragaasantiago.com\/geira-arrieiros\/alquiler\/braga-caminho-jacobeus-santiago-peregrinos-geira.jpg",1200,630,false],"Blog Thumbnail":["https:\/\/www.debragaasantiago.com\/geira-arrieiros\/alquiler\/braga-caminho-jacobeus-santiago-peregrinos-geira-198x198.jpg",198,198,true],"store":["https:\/\/www.debragaasantiago.com\/geira-arrieiros\/alquiler\/braga-caminho-jacobeus-santiago-peregrinos-geira-420x221.jpg",420,221,true]},"uagb_author_info":{"display_name":"Pilgrim","author_link":"https:\/\/www.debragaasantiago.com\/geira-arrieiros\/author\/gral\/"},"uagb_comment_info":0,"uagb_excerpt":"O Munic\u00edpio de Braga pretende avan\u00e7ar a partir da pr\u00f3xima primavera com a sinaliza\u00e7\u00e3o e preserva\u00e7\u00e3o do Caminho da Geira e dos Arrieiros, no \u00e2mbito de um programa mais vasto que abrange tamb\u00e9m outras rotas jacobeias que passam pelo concelho.","_links":{"self":[{"href":"https:\/\/www.debragaasantiago.com\/geira-arrieiros\/wp-json\/wp\/v2\/posts\/3389","targetHints":{"allow":["GET"]}}],"collection":[{"href":"https:\/\/www.debragaasantiago.com\/geira-arrieiros\/wp-json\/wp\/v2\/posts"}],"about":[{"href":"https:\/\/www.debragaasantiago.com\/geira-arrieiros\/wp-json\/wp\/v2\/types\/post"}],"author":[{"embeddable":true,"href":"https:\/\/www.debragaasantiago.com\/geira-arrieiros\/wp-json\/wp\/v2\/users\/1"}],"replies":[{"embeddable":true,"href":"https:\/\/www.debragaasantiago.com\/geira-arrieiros\/wp-json\/wp\/v2\/comments?post=3389"}],"version-history":[{"count":5,"href":"https:\/\/www.debragaasantiago.com\/geira-arrieiros\/wp-json\/wp\/v2\/posts\/3389\/revisions"}],"predecessor-version":[{"id":3396,"href":"https:\/\/www.debragaasantiago.com\/geira-arrieiros\/wp-json\/wp\/v2\/posts\/3389\/revisions\/3396"}],"wp:featuredmedia":[{"embeddable":true,"href":"https:\/\/www.debragaasantiago.com\/geira-arrieiros\/wp-json\/wp\/v2\/media\/3390"}],"wp:attachment":[{"href":"https:\/\/www.debragaasantiago.com\/geira-arrieiros\/wp-json\/wp\/v2\/media?parent=3389"}],"wp:term":[{"taxonomy":"category","embeddable":true,"href":"https:\/\/www.debragaasantiago.com\/geira-arrieiros\/wp-json\/wp\/v2\/categories?post=3389"},{"taxonomy":"post_tag","embeddable":true,"href":"https:\/\/www.debragaasantiago.com\/geira-arrieiros\/wp-json\/wp\/v2\/tags?post=3389"}],"curies":[{"name":"wp","href":"https:\/\/api.w.org\/{rel}","templated":true}]}}