{"id":3386,"date":"2023-02-02T11:16:00","date_gmt":"2023-02-02T10:16:00","guid":{"rendered":"https:\/\/www.debragaasantiago.com\/geira-arrieiros\/?p=3386"},"modified":"2025-01-04T10:56:00","modified_gmt":"2025-01-04T09:56:00","slug":"jacobeus-organizam-peregrinacao-santiago","status":"publish","type":"post","link":"https:\/\/www.debragaasantiago.com\/geira-arrieiros\/jacobeus-organizam-peregrinacao-santiago\/","title":{"rendered":"Jacobeus organizam peregrina\u00e7\u00e3o a Santiago pelo Caminho da Geira"},"content":{"rendered":"\n<p><em>A <strong>delega\u00e7\u00e3o de Amares da Associa\u00e7\u00e3o Espa\u00e7o Jacobeus (AEJ)<\/strong> organiza uma peregrina\u00e7\u00e3o a p\u00e9 a Santiago de Compostela, pelo Caminho da Geira e dos Arrieiros, que come\u00e7a este s\u00e1bado, dia 4, em frente \u00e0 S\u00e9 de Braga<\/em><\/p>\n\n\n\n<!--more-->\n\n\n<div class=\"wp-block-image\">\n<figure class=\"aligncenter size-full is-resized\"><img decoding=\"async\" src=\"https:\/\/www.debragaasantiago.com\/geira-arrieiros\/alquiler\/PEREGRINACAO-jacobeus-amares-santiago-camino-2023.jpeg\" alt=\"\" class=\"wp-image-3387\" width=\"600\" srcset=\"https:\/\/www.debragaasantiago.com\/geira-arrieiros\/alquiler\/PEREGRINACAO-jacobeus-amares-santiago-camino-2023.jpeg 400w, https:\/\/www.debragaasantiago.com\/geira-arrieiros\/alquiler\/PEREGRINACAO-jacobeus-amares-santiago-camino-2023-300x210.jpeg 300w, https:\/\/www.debragaasantiago.com\/geira-arrieiros\/alquiler\/PEREGRINACAO-jacobeus-amares-santiago-camino-2023-380x266.jpeg 380w\" sizes=\"(max-width: 400px) 100vw, 400px\" \/><\/figure>\n<\/div>\n\n\n<p>A peregrina\u00e7\u00e3o, levada a efeito em parceria com a <strong>C\u00e2mara de Amares<\/strong> e a <strong>Uni\u00e3o das Freguesias de Caldelas, Sequeiros e Paranhos<\/strong>, tem inscritos 32 peregrinos e est\u00e1 dividida em <strong>11 etapas<\/strong>, a percorrer at\u00e9 setembro.<\/p>\n\n\n\n<p>A concentra\u00e7\u00e3o est\u00e1 marcada para as 8h00 em Amares, mas os participantes deslocam-se depois para a S\u00e9 de Braga, onde meia hora depois recebem a b\u00ean\u00e7\u00e3o pelo c\u00f3nego Roberto Rosmaninho Mariz, p\u00e1roco de S\u00e3o Jos\u00e9 de S\u00e3o L\u00e1zaro, na arquidiocese de Braga.<\/p>\n\n\n\n<p>As etapas decorrem sempre aos s\u00e1bados, duas por m\u00eas, com exce\u00e7\u00e3o dos meses de julho e agosto, em que n\u00e3o se realizam, e tr\u00eas em setembro.<\/p>\n\n\n\n<p>Segundo os organizadores, \u201ctem como principal objetivo promover o Caminho da Geira e dos Arrieiros junto dos amarenses, bem como a import\u00e2ncia tur\u00edstica deste tra\u00e7ado para os territ\u00f3rios que atravessa\u00bb.<\/p>\n\n\n\n<p>O Caminho da Geira e dos Arrieiros come\u00e7a na S\u00e9 de Braga e passa pelos munic\u00edpios de Amares, Terras de Bouro e Melga\u00e7o (Castro Laboreiro), entrando na Galiza pela Portela Homem. Nos \u00faltimos seis anos foi percorrido por mais de tr\u00eas mil peregrinos, um ter\u00e7o dos quais em 2022; \u00a0sobretudo de Portugal e Espanha, mas tamb\u00e9m de It\u00e1lia, Inglaterra, Alemanha, Cro\u00e1cia, Ucr\u00e2nia, R\u00fassia, Pol\u00f3nia, Brasil, EUA, Austr\u00e1lia ou Pa\u00edses Baixos.<\/p>\n","protected":false},"excerpt":{"rendered":"<p>A delega\u00e7\u00e3o de Amares da Associa\u00e7\u00e3o Espa\u00e7o Jacobeus (AEJ) organiza uma peregrina\u00e7\u00e3o a p\u00e9 a Santiago de Compostela, pelo Caminho da Geira e dos Arrieiros, que come\u00e7a este s\u00e1bado, dia 4, em frente \u00e0 S\u00e9 de Braga<\/p>\n","protected":false},"author":1,"featured_media":3387,"comment_status":"closed","ping_status":"open","sticky":false,"template":"","format":"standard","meta":{"_uag_custom_page_level_css":"","_genesis_hide_title":false,"_genesis_hide_breadcrumbs":false,"_genesis_hide_singular_image":false,"_genesis_hide_footer_widgets":false,"_genesis_custom_body_class":"","_genesis_custom_post_class":"","_genesis_layout":"","footnotes":""},"categories":[1,24,29],"tags":[],"class_list":{"0":"post-3386","1":"post","2":"type-post","3":"status-publish","4":"format-standard","5":"has-post-thumbnail","7":"category-peregrinos-camino-xacobeo-geira-romana-arrieiros","8":"category-novedades-2023","9":"category-asociacions-e-colaboradores","10":"entry"},"uagb_featured_image_src":{"full":["https:\/\/www.debragaasantiago.com\/geira-arrieiros\/alquiler\/PEREGRINACAO-jacobeus-amares-santiago-camino-2023.jpeg",400,280,false],"thumbnail":["https:\/\/www.debragaasantiago.com\/geira-arrieiros\/alquiler\/PEREGRINACAO-jacobeus-amares-santiago-camino-2023-150x150.jpeg",150,150,true],"medium":["https:\/\/www.debragaasantiago.com\/geira-arrieiros\/alquiler\/PEREGRINACAO-jacobeus-amares-santiago-camino-2023-300x210.jpeg",300,210,true],"medium_large":["https:\/\/www.debragaasantiago.com\/geira-arrieiros\/alquiler\/PEREGRINACAO-jacobeus-amares-santiago-camino-2023.jpeg",400,280,false],"large":["https:\/\/www.debragaasantiago.com\/geira-arrieiros\/alquiler\/PEREGRINACAO-jacobeus-amares-santiago-camino-2023.jpeg",400,280,false],"1536x1536":["https:\/\/www.debragaasantiago.com\/geira-arrieiros\/alquiler\/PEREGRINACAO-jacobeus-amares-santiago-camino-2023.jpeg",400,280,false],"2048x2048":["https:\/\/www.debragaasantiago.com\/geira-arrieiros\/alquiler\/PEREGRINACAO-jacobeus-amares-santiago-camino-2023.jpeg",400,280,false],"Blog Thumbnail":["https:\/\/www.debragaasantiago.com\/geira-arrieiros\/alquiler\/PEREGRINACAO-jacobeus-amares-santiago-camino-2023-198x198.jpeg",198,198,true],"store":["https:\/\/www.debragaasantiago.com\/geira-arrieiros\/alquiler\/PEREGRINACAO-jacobeus-amares-santiago-camino-2023-380x266.jpeg",380,266,true]},"uagb_author_info":{"display_name":"Pilgrim","author_link":"https:\/\/www.debragaasantiago.com\/geira-arrieiros\/author\/gral\/"},"uagb_comment_info":0,"uagb_excerpt":"A delega\u00e7\u00e3o de Amares da Associa\u00e7\u00e3o Espa\u00e7o Jacobeus (AEJ) organiza uma peregrina\u00e7\u00e3o a p\u00e9 a Santiago de Compostela, pelo Caminho da Geira e dos Arrieiros, que come\u00e7a este s\u00e1bado, dia 4, em frente \u00e0 S\u00e9 de Braga","_links":{"self":[{"href":"https:\/\/www.debragaasantiago.com\/geira-arrieiros\/wp-json\/wp\/v2\/posts\/3386","targetHints":{"allow":["GET"]}}],"collection":[{"href":"https:\/\/www.debragaasantiago.com\/geira-arrieiros\/wp-json\/wp\/v2\/posts"}],"about":[{"href":"https:\/\/www.debragaasantiago.com\/geira-arrieiros\/wp-json\/wp\/v2\/types\/post"}],"author":[{"embeddable":true,"href":"https:\/\/www.debragaasantiago.com\/geira-arrieiros\/wp-json\/wp\/v2\/users\/1"}],"replies":[{"embeddable":true,"href":"https:\/\/www.debragaasantiago.com\/geira-arrieiros\/wp-json\/wp\/v2\/comments?post=3386"}],"version-history":[{"count":1,"href":"https:\/\/www.debragaasantiago.com\/geira-arrieiros\/wp-json\/wp\/v2\/posts\/3386\/revisions"}],"predecessor-version":[{"id":3388,"href":"https:\/\/www.debragaasantiago.com\/geira-arrieiros\/wp-json\/wp\/v2\/posts\/3386\/revisions\/3388"}],"wp:featuredmedia":[{"embeddable":true,"href":"https:\/\/www.debragaasantiago.com\/geira-arrieiros\/wp-json\/wp\/v2\/media\/3387"}],"wp:attachment":[{"href":"https:\/\/www.debragaasantiago.com\/geira-arrieiros\/wp-json\/wp\/v2\/media?parent=3386"}],"wp:term":[{"taxonomy":"category","embeddable":true,"href":"https:\/\/www.debragaasantiago.com\/geira-arrieiros\/wp-json\/wp\/v2\/categories?post=3386"},{"taxonomy":"post_tag","embeddable":true,"href":"https:\/\/www.debragaasantiago.com\/geira-arrieiros\/wp-json\/wp\/v2\/tags?post=3386"}],"curies":[{"name":"wp","href":"https:\/\/api.w.org\/{rel}","templated":true}]}}