{"id":3382,"date":"2023-02-11T15:10:00","date_gmt":"2023-02-11T14:10:00","guid":{"rendered":"https:\/\/www.debragaasantiago.com\/geira-arrieiros\/?p=3382"},"modified":"2025-01-04T10:55:54","modified_gmt":"2025-01-04T09:55:54","slug":"o-gdr-terras-de-compostela-outorga-87-000-euros-para-a-restauracion-ecoloxica-do-camino-da-geira","status":"publish","type":"post","link":"https:\/\/www.debragaasantiago.com\/geira-arrieiros\/o-gdr-terras-de-compostela-outorga-87-000-euros-para-a-restauracion-ecoloxica-do-camino-da-geira\/","title":{"rendered":"O GDR Terras de Compostela subvenciona ao Concello de Teo para a restauraci\u00f3n ecol\u00f3xica do Cami\u00f1o da Geira"},"content":{"rendered":"\n\n\n<p>O Concello de Teo informou, mediante unha mensaxe nas s\u00faas redes sociais, da reuni\u00f3n de traballo do <strong>GDR Terras de Compostela<\/strong>, na que estivo a concelleira Mar\u00eda L\u00f3pez, para dese\u00f1ar a execuci\u00f3n da subvenci\u00f3n do <strong>Plan de Sostibilidade Tur\u00edstica en Destino<\/strong> que outorga a Teo 87.000 euros para a restauraci\u00f3n ecol\u00f3xica da \u00abGeira dos Arrieiros\u00bb.<\/p>\n\n\n\n<!--more-->\n\n\n\n<div class=\"wp-block-uagb-image aligncenter uagb-block-b7e1ceb1 wp-block-uagb-image--layout-default wp-block-uagb-image--effect-static wp-block-uagb-image--align-center\"><figure class=\"wp-block-uagb-image__figure\"><img decoding=\"async\" srcset=\"https:\/\/www.debragaasantiago.com\/geira-arrieiros\/alquiler\/concello-teo-gdr-terras-compostela-peregrinos-camino.jpg \" src=\"https:\/\/www.debragaasantiago.com\/geira-arrieiros\/alquiler\/concello-teo-gdr-terras-compostela-peregrinos-camino.jpg\" alt=\"\" class=\"uag-image-3383\" width=\"\" height=\"\" title=\"\" loading=\"lazy\"\/><\/figure><\/div>\n\n\n","protected":false},"excerpt":{"rendered":"<p>O Concello de Teo informou, mediante unha mensaxe nas s\u00faas redes sociais, da reuni\u00f3n de traballo do GDR Terras de Compostela, na que estivo a concelleira Mar\u00eda L\u00f3pez, para dese\u00f1ar a execuci\u00f3n da subvenci\u00f3n do Plan de Sostibilidade Tur\u00edstica en Destino que outorga a Teo 87.000 euros para a restauraci\u00f3n ecol\u00f3xica da \u00abGeira dos Arrieiros\u00bb.<\/p>\n","protected":false},"author":1,"featured_media":3383,"comment_status":"closed","ping_status":"open","sticky":false,"template":"","format":"standard","meta":{"_uag_custom_page_level_css":"","_genesis_hide_title":false,"_genesis_hide_breadcrumbs":false,"_genesis_hide_singular_image":false,"_genesis_hide_footer_widgets":false,"_genesis_custom_body_class":"","_genesis_custom_post_class":"","_genesis_layout":"","footnotes":""},"categories":[1,24,29],"tags":[],"class_list":{"0":"post-3382","1":"post","2":"type-post","3":"status-publish","4":"format-standard","5":"has-post-thumbnail","7":"category-peregrinos-camino-xacobeo-geira-romana-arrieiros","8":"category-novedades-2023","9":"category-asociacions-e-colaboradores","10":"entry"},"uagb_featured_image_src":{"full":["https:\/\/www.debragaasantiago.com\/geira-arrieiros\/alquiler\/concello-teo-gdr-terras-compostela-peregrinos-camino.jpg",589,604,false],"thumbnail":["https:\/\/www.debragaasantiago.com\/geira-arrieiros\/alquiler\/concello-teo-gdr-terras-compostela-peregrinos-camino-150x150.jpg",150,150,true],"medium":["https:\/\/www.debragaasantiago.com\/geira-arrieiros\/alquiler\/concello-teo-gdr-terras-compostela-peregrinos-camino-293x300.jpg",293,300,true],"medium_large":["https:\/\/www.debragaasantiago.com\/geira-arrieiros\/alquiler\/concello-teo-gdr-terras-compostela-peregrinos-camino.jpg",589,604,false],"large":["https:\/\/www.debragaasantiago.com\/geira-arrieiros\/alquiler\/concello-teo-gdr-terras-compostela-peregrinos-camino.jpg",589,604,false],"1536x1536":["https:\/\/www.debragaasantiago.com\/geira-arrieiros\/alquiler\/concello-teo-gdr-terras-compostela-peregrinos-camino.jpg",589,604,false],"2048x2048":["https:\/\/www.debragaasantiago.com\/geira-arrieiros\/alquiler\/concello-teo-gdr-terras-compostela-peregrinos-camino.jpg",589,604,false],"Blog Thumbnail":["https:\/\/www.debragaasantiago.com\/geira-arrieiros\/alquiler\/concello-teo-gdr-terras-compostela-peregrinos-camino-198x198.jpg",198,198,true],"store":["https:\/\/www.debragaasantiago.com\/geira-arrieiros\/alquiler\/concello-teo-gdr-terras-compostela-peregrinos-camino-259x266.jpg",259,266,true]},"uagb_author_info":{"display_name":"Pilgrim","author_link":"https:\/\/www.debragaasantiago.com\/geira-arrieiros\/author\/gral\/"},"uagb_comment_info":0,"uagb_excerpt":"O Concello de Teo informou, mediante unha mensaxe nas s\u00faas redes sociais, da reuni\u00f3n de traballo do GDR Terras de Compostela, na que estivo a concelleira Mar\u00eda L\u00f3pez, para dese\u00f1ar a execuci\u00f3n da subvenci\u00f3n do Plan de Sostibilidade Tur\u00edstica en Destino que outorga a Teo 87.000 euros para a restauraci\u00f3n ecol\u00f3xica da \u00abGeira dos Arrieiros\u00bb.","_links":{"self":[{"href":"https:\/\/www.debragaasantiago.com\/geira-arrieiros\/wp-json\/wp\/v2\/posts\/3382","targetHints":{"allow":["GET"]}}],"collection":[{"href":"https:\/\/www.debragaasantiago.com\/geira-arrieiros\/wp-json\/wp\/v2\/posts"}],"about":[{"href":"https:\/\/www.debragaasantiago.com\/geira-arrieiros\/wp-json\/wp\/v2\/types\/post"}],"author":[{"embeddable":true,"href":"https:\/\/www.debragaasantiago.com\/geira-arrieiros\/wp-json\/wp\/v2\/users\/1"}],"replies":[{"embeddable":true,"href":"https:\/\/www.debragaasantiago.com\/geira-arrieiros\/wp-json\/wp\/v2\/comments?post=3382"}],"version-history":[{"count":3,"href":"https:\/\/www.debragaasantiago.com\/geira-arrieiros\/wp-json\/wp\/v2\/posts\/3382\/revisions"}],"predecessor-version":[{"id":3506,"href":"https:\/\/www.debragaasantiago.com\/geira-arrieiros\/wp-json\/wp\/v2\/posts\/3382\/revisions\/3506"}],"wp:featuredmedia":[{"embeddable":true,"href":"https:\/\/www.debragaasantiago.com\/geira-arrieiros\/wp-json\/wp\/v2\/media\/3383"}],"wp:attachment":[{"href":"https:\/\/www.debragaasantiago.com\/geira-arrieiros\/wp-json\/wp\/v2\/media?parent=3382"}],"wp:term":[{"taxonomy":"category","embeddable":true,"href":"https:\/\/www.debragaasantiago.com\/geira-arrieiros\/wp-json\/wp\/v2\/categories?post=3382"},{"taxonomy":"post_tag","embeddable":true,"href":"https:\/\/www.debragaasantiago.com\/geira-arrieiros\/wp-json\/wp\/v2\/tags?post=3382"}],"curies":[{"name":"wp","href":"https:\/\/api.w.org\/{rel}","templated":true}]}}