{"id":3359,"date":"2023-03-12T23:33:00","date_gmt":"2023-03-12T22:33:00","guid":{"rendered":"https:\/\/www.debragaasantiago.com\/geira-arrieiros\/?p=3359"},"modified":"2025-01-04T10:55:24","modified_gmt":"2025-01-04T09:55:24","slug":"de-romanos-para-promocionar-un-nuevo-camino-a-santiago","status":"publish","type":"post","link":"https:\/\/www.debragaasantiago.com\/geira-arrieiros\/de-romanos-para-promocionar-un-nuevo-camino-a-santiago\/","title":{"rendered":"De romanos para promocionar un nuevo Camino a Santiago"},"content":{"rendered":"\n\n\n<p><strong>Vestidos de romanos<\/strong>, una docena de\u00a0<strong>peregrinos portugueses<\/strong>\u00a0llegaron este domingo a la\u00a0<strong>Praza do Obradoiro<\/strong>. Por etapas durante los \u00faltimos fines de semana han recorrido los 240 kil\u00f3metros que separan Braga de Compostela por el Cami\u00f1o de Santiago da Geira Romana e dos Arrierios. Con la iniciativa buscan promocionar una ruta, que ya fue reconocida por el Cabildo de la Catedral en marzo de 2019, pero que est\u00e1 a la espera de que la Xunta le otorgue el calificativo de oficial.<\/p>\n\n\n\n<!--more-->\n\n\n\n<figure class=\"wp-block-image size-full\"><img loading=\"lazy\" decoding=\"async\" width=\"880\" height=\"495\" src=\"https:\/\/www.debragaasantiago.com\/geira-arrieiros\/alquiler\/romanos-peregrinos-portugues-camino-santiago-2023-marzo.jpg\" alt=\"\" class=\"wp-image-3360\" srcset=\"https:\/\/www.debragaasantiago.com\/geira-arrieiros\/alquiler\/romanos-peregrinos-portugues-camino-santiago-2023-marzo.jpg 880w, https:\/\/www.debragaasantiago.com\/geira-arrieiros\/alquiler\/romanos-peregrinos-portugues-camino-santiago-2023-marzo-300x169.jpg 300w, https:\/\/www.debragaasantiago.com\/geira-arrieiros\/alquiler\/romanos-peregrinos-portugues-camino-santiago-2023-marzo-768x432.jpg 768w, https:\/\/www.debragaasantiago.com\/geira-arrieiros\/alquiler\/romanos-peregrinos-portugues-camino-santiago-2023-marzo-420x236.jpg 420w\" sizes=\"auto, (max-width: 880px) 100vw, 880px\" \/><figcaption class=\"wp-element-caption\">De romanos para promocionar un nuevo Camino a Santiago JES\u00daS PRIETO<\/figcaption><\/figure>\n\n\n\n<p>Entre los caminantes que culminaban su peregrinaci\u00f3n se encontraba el alcalde del Ayuntamiento de Terras de Bouro, Manuel Tibo, que se sum\u00f3 a la \u00faltima etapa. \u201cEste municipio pasa muy cerca de la calzada romana da Geira y todos ten\u00edan ya los trajes de romanos, la idea es promocionar esta nueva ruta y promover su recuperaci\u00f3n\u201d, explica Carlos da Barreira, miembro de la Asociaci\u00f3n de Amigos da Geira e do Cami\u00f1o dos Arrieiros.<\/p>\n\n\n\n<p>El proyecto de&nbsp;<strong>recuperaci\u00f3n de este nuevo Camino de Santiago se inici\u00f3 en el a\u00f1o 2004<\/strong>. En 2017 se public\u00f3 la ruta, que usa la calzada romana da Geira en su tramo portugu\u00e9s y atraviesa el parque natural do Geres-Xur\u00e9s. De Braga avanza hacia el norte hacia Portela do Homen para llegar a Lobios (Ourense). Se adentra nuevamente en tierras portuguesas para alcanzar Castro Laboreiro, prosigue hacia Rivadavia y Soutelo de Montes,&nbsp;<strong>para culminar en Santiago tras pasar por A Estrada y Pontevea.&nbsp;<\/strong>En unos 10 d\u00edas, a una media de 24 kil\u00f3metros por jornada, se completa la ruta. Desde 2017 ya la han recorrido unas 3.000 personas, seg\u00fan los datos de la Asociaci\u00f3n de Amigos da Geira e do Cami\u00f1o dos Arrieiros.<\/p>\n\n\n\n<p>\u201cEs un camino que se recomienda a los amantes de las caminatas, es duro, pero merece la pena\u201d, explica Vitor Cunha, uno de los peregrinos que complet\u00f3 todo el viaje desde Braga. Aunque al Obradoiro arribaron con casco, escudo, lanza y capas rojas, Cunha desvela que&nbsp;<strong>se disfrazaron \u201ca dos o tres kil\u00f3metros\u201d de entrar en la ciudad.<\/strong>&nbsp;\u201cLa experiencia ha sido muy buena, nos paraba la gente y quer\u00eda saber por qu\u00e9 \u00edbamos de romanos y sacarse fotos con nosotros\u201d, indica el vecino de Terras de Bouro.<\/p>\n\n\n\n<div class=\"wp-block-uagb-image uagb-block-e7c15acf wp-block-uagb-image--layout-default wp-block-uagb-image--effect-static wp-block-uagb-image--align-none\"><figure class=\"wp-block-uagb-image__figure\"><img decoding=\"async\" srcset=\"https:\/\/www.debragaasantiago.com\/geira-arrieiros\/alquiler\/romanos-peregrinos-portugues-camino-santiago-2023-marzo-obradoiro.jpg \" src=\"https:\/\/www.debragaasantiago.com\/geira-arrieiros\/alquiler\/romanos-peregrinos-portugues-camino-santiago-2023-marzo-obradoiro.jpg\" alt=\"\" class=\"uag-image-3361\" title=\"\" loading=\"lazy\"\/><figcaption class=\"uagb-image-caption\"><em>De romanos para promocionar un nuevo Camino a Santiago<\/em>\u00a0JES\u00daS PRIETO<\/figcaption><\/figure><\/div>\n\n\n\n<p>El municipio portugu\u00e9s ya alberga un museo dedicado a la calzada romana que lo atraviesa. Tambi\u00e9n conocida como Via Nova o Via XVIII del Itinerario de Antonino, la Geira es una calzada que un\u00eda las ciudades de Bracara Augusta (Braga) y Asturica Augusta (Astorga). A lo largo de los 30 kil\u00f3metros posee la mayor concentraci\u00f3n de marcos miliarios epigrafados del noreste peninsular. Muchas de sus inscripciones&nbsp;<strong>est\u00e1n datadas entre el final del siglo I y el siglo IV despu\u00e9s de Cristo<\/strong>.&nbsp;Muy cerca de esta ruta, ya en tierras gallegas, se encuentra Aquis Querquennis,&nbsp;el complejo arqueol\u00f3gico romano formado por un campamento y una mansi\u00f3n- viaria, situado en la parroquia de Ba\u00f1os de Bande, a orillas del r\u00edo Limia en el embalse de las Conchas. El campamento se estableci\u00f3 precisamente para la construcci\u00f3n de la Via XVIII. Estuvo ocupado entre el \u00faltimo cuarto del siglo I hasta los a\u00f1os 20 del II.<\/p>\n\n\n\n<p>Tras abandonar la Geira,&nbsp;se conecta con parte del Cami\u00f1o dos Arrieiros, una ruta centenaria entre Ribadavia y Pontevedra que durante siglos fue utilizada como v\u00eda de comunicaci\u00f3n para el transporte de vino a la costa y de productos del mar al interior. \u201c<strong>Todav\u00eda no hay ning\u00fan albergue, pero no es dif\u00edcil encontrar alojamiento<\/strong>\u201d, indica Cunha.<\/p>\n\n\n\n<p><strong>Estudio del CSIC<\/strong><\/p>\n\n\n\n<p>\u201cEst\u00e1 en estudio para su oficializaci\u00f3n por la Xunta de Galicia, junto con otras nuevas rutas en un proyecto que se llama Neocaminos\u201d, explica Da Barreira. El Instituto de Estudos Galegos Padre Sarmiento, perteneciente al Consejo Superior de Investigaciones Cient\u00edficas (CSIC) es la entidad encargada de realizar&nbsp;el an\u00e1lisis hist\u00f3rico para decidir si se convierte en un nuevo Camino de Santiago.&nbsp;<\/p>\n","protected":false},"excerpt":{"rendered":"<p>Vestidos de romanos, una docena de\u00a0peregrinos portugueses\u00a0llegaron este domingo a la\u00a0Praza do Obradoiro. Por etapas durante los \u00faltimos fines de semana han recorrido los 240 kil\u00f3metros que separan Braga de Compostela por el Cami\u00f1o de Santiago da Geira Romana e dos Arrierios. Con la iniciativa buscan promocionar una ruta, que ya fue reconocida por el Cabildo de la Catedral en marzo de 2019, pero que est\u00e1 a la espera de que la Xunta le otorgue el calificativo de oficial.<\/p>\n","protected":false},"author":1,"featured_media":3361,"comment_status":"closed","ping_status":"open","sticky":false,"template":"","format":"standard","meta":{"_uag_custom_page_level_css":"","_genesis_hide_title":false,"_genesis_hide_breadcrumbs":false,"_genesis_hide_singular_image":false,"_genesis_hide_footer_widgets":false,"_genesis_custom_body_class":"","_genesis_custom_post_class":"","_genesis_layout":"","footnotes":""},"categories":[1,24,29],"tags":[],"class_list":{"0":"post-3359","1":"post","2":"type-post","3":"status-publish","4":"format-standard","5":"has-post-thumbnail","7":"category-peregrinos-camino-xacobeo-geira-romana-arrieiros","8":"category-novedades-2023","9":"category-asociacions-e-colaboradores","10":"entry"},"uagb_featured_image_src":{"full":["https:\/\/www.debragaasantiago.com\/geira-arrieiros\/alquiler\/romanos-peregrinos-portugues-camino-santiago-2023-marzo-obradoiro.jpg",880,495,false],"thumbnail":["https:\/\/www.debragaasantiago.com\/geira-arrieiros\/alquiler\/romanos-peregrinos-portugues-camino-santiago-2023-marzo-obradoiro-150x150.jpg",150,150,true],"medium":["https:\/\/www.debragaasantiago.com\/geira-arrieiros\/alquiler\/romanos-peregrinos-portugues-camino-santiago-2023-marzo-obradoiro-300x169.jpg",300,169,true],"medium_large":["https:\/\/www.debragaasantiago.com\/geira-arrieiros\/alquiler\/romanos-peregrinos-portugues-camino-santiago-2023-marzo-obradoiro-768x432.jpg",768,432,true],"large":["https:\/\/www.debragaasantiago.com\/geira-arrieiros\/alquiler\/romanos-peregrinos-portugues-camino-santiago-2023-marzo-obradoiro.jpg",880,495,false],"1536x1536":["https:\/\/www.debragaasantiago.com\/geira-arrieiros\/alquiler\/romanos-peregrinos-portugues-camino-santiago-2023-marzo-obradoiro.jpg",880,495,false],"2048x2048":["https:\/\/www.debragaasantiago.com\/geira-arrieiros\/alquiler\/romanos-peregrinos-portugues-camino-santiago-2023-marzo-obradoiro.jpg",880,495,false],"Blog Thumbnail":["https:\/\/www.debragaasantiago.com\/geira-arrieiros\/alquiler\/romanos-peregrinos-portugues-camino-santiago-2023-marzo-obradoiro-198x198.jpg",198,198,true],"store":["https:\/\/www.debragaasantiago.com\/geira-arrieiros\/alquiler\/romanos-peregrinos-portugues-camino-santiago-2023-marzo-obradoiro-420x236.jpg",420,236,true]},"uagb_author_info":{"display_name":"Pilgrim","author_link":"https:\/\/www.debragaasantiago.com\/geira-arrieiros\/author\/gral\/"},"uagb_comment_info":0,"uagb_excerpt":"Vestidos de romanos, una docena de\u00a0peregrinos portugueses\u00a0llegaron este domingo a la\u00a0Praza do Obradoiro. Por etapas durante los \u00faltimos fines de semana han recorrido los 240 kil\u00f3metros que separan Braga de Compostela por el Cami\u00f1o de Santiago da Geira Romana e dos Arrierios. Con la iniciativa buscan promocionar una ruta, que ya fue reconocida por el&hellip;","_links":{"self":[{"href":"https:\/\/www.debragaasantiago.com\/geira-arrieiros\/wp-json\/wp\/v2\/posts\/3359","targetHints":{"allow":["GET"]}}],"collection":[{"href":"https:\/\/www.debragaasantiago.com\/geira-arrieiros\/wp-json\/wp\/v2\/posts"}],"about":[{"href":"https:\/\/www.debragaasantiago.com\/geira-arrieiros\/wp-json\/wp\/v2\/types\/post"}],"author":[{"embeddable":true,"href":"https:\/\/www.debragaasantiago.com\/geira-arrieiros\/wp-json\/wp\/v2\/users\/1"}],"replies":[{"embeddable":true,"href":"https:\/\/www.debragaasantiago.com\/geira-arrieiros\/wp-json\/wp\/v2\/comments?post=3359"}],"version-history":[{"count":1,"href":"https:\/\/www.debragaasantiago.com\/geira-arrieiros\/wp-json\/wp\/v2\/posts\/3359\/revisions"}],"predecessor-version":[{"id":3362,"href":"https:\/\/www.debragaasantiago.com\/geira-arrieiros\/wp-json\/wp\/v2\/posts\/3359\/revisions\/3362"}],"wp:featuredmedia":[{"embeddable":true,"href":"https:\/\/www.debragaasantiago.com\/geira-arrieiros\/wp-json\/wp\/v2\/media\/3361"}],"wp:attachment":[{"href":"https:\/\/www.debragaasantiago.com\/geira-arrieiros\/wp-json\/wp\/v2\/media?parent=3359"}],"wp:term":[{"taxonomy":"category","embeddable":true,"href":"https:\/\/www.debragaasantiago.com\/geira-arrieiros\/wp-json\/wp\/v2\/categories?post=3359"},{"taxonomy":"post_tag","embeddable":true,"href":"https:\/\/www.debragaasantiago.com\/geira-arrieiros\/wp-json\/wp\/v2\/tags?post=3359"}],"curies":[{"name":"wp","href":"https:\/\/api.w.org\/{rel}","templated":true}]}}