{"id":3327,"date":"2022-08-28T19:23:00","date_gmt":"2022-08-28T17:23:00","guid":{"rendered":"https:\/\/www.debragaasantiago.com\/geira-arrieiros\/?p=3327"},"modified":"2025-01-04T10:56:43","modified_gmt":"2025-01-04T09:56:43","slug":"peregrinacao-a-cavalo-que-partiu-de-braga-chegou-a-santiago-de-compostela","status":"publish","type":"post","link":"https:\/\/www.debragaasantiago.com\/geira-arrieiros\/peregrinacao-a-cavalo-que-partiu-de-braga-chegou-a-santiago-de-compostela\/","title":{"rendered":"Peregrina\u00e7\u00e3o a cavalo que partiu de Braga chegou a Santiago de Compostela"},"content":{"rendered":"\n<p>Os promotores da peregrina\u00e7\u00e3o a cavalo que partiu de&nbsp;<a href=\"https:\/\/bragatv.pt\/peregrinacao-a-cavalo-esta-a-percorrer-o-caminho-jacobeu-entre-braga-e-santiago-de-compostela\/\">Braga pelo Caminho da Geira e dos Arrieiros<\/a>&nbsp;terminou na Catedral de Santiago de Compostela defendem que a homologa\u00e7\u00e3o pelas autoridades galegas e portuguesas deste itiner\u00e1rio jacobeu \u201ccontribuir\u00e1 para travar a desertifica\u00e7\u00e3o do interior das regi\u00f5es por onde passa\u201d.<\/p>\n\n\n\n<!--more-->\n\n\n\n<p>\u201cA homologa\u00e7\u00e3o levaria \u00e0 cria\u00e7\u00e3o de novos neg\u00f3cios e \u00e0 fixa\u00e7\u00e3o de pessoas, \u00e0 repovoa\u00e7\u00e3o do meio rural ou, pelo menos, a que n\u00e3o continue o abandono, evitando-se que as aldeias caiam no esquecimento\u201d, explica Vicente Pereiras Marquez da Associa\u00e7\u00e3o Rapa das Bestas de Sabucedo (Galiza), principal impulsionadora da iniciativa.<\/p>\n\n\n\n<div class=\"wp-block-uagb-image uagb-block-55801d52 wp-block-uagb-image--layout-default wp-block-uagb-image--effect-static wp-block-uagb-image--align-none\"><figure class=\"wp-block-uagb-image__figure\"><img decoding=\"async\" srcset=\"https:\/\/www.debragaasantiago.com\/geira-arrieiros\/alquiler\/peregrinacao-cavalo-caminho-santiago-geres-geira-romana-2022.jpg \" src=\"https:\/\/www.debragaasantiago.com\/geira-arrieiros\/alquiler\/peregrinacao-cavalo-caminho-santiago-geres-geira-romana-2022.jpg\" alt=\"\" class=\"uag-image-3328\" width=\"\" height=\"\" title=\"\" loading=\"lazy\"\/><\/figure><\/div>\n\n\n\n<p>Segundo o respons\u00e1vel, que at\u00e9 agora percorreu 11 caminhos de Santiago, \u201cquase v\u00eam as l\u00e1grimas aos olhos das pessoas idosas ao constatarem como \u00e9 bonito haver de novo gente a passar por aldeias onde j\u00e1 s\u00f3 vai o padeiro ou o peixeiro. \u00c9 uma alegria verem algu\u00e9m de fora com quem possam trocar uma palavra\u201d.<\/p>\n\n\n\n<p>Por isso, \u201ca homologa\u00e7\u00e3o \u00e9 muito necess\u00e1ria para dar vida \u00e0s regi\u00f5es despovoadas ou abandonadas de Portugal e Espanha\u201d, devendo no imediato proceder-se \u201c\u00e0 manuten\u00e7\u00e3o e recoloca\u00e7\u00e3o de sinaliza\u00e7\u00e3o, e \u00e0 limpeza do tra\u00e7ado nalguns pontos\u201d. Enquanto isso n\u00e3o acontece, \u00e9 aconselh\u00e1vel o uso de GPS e um contacto pr\u00e9vio com as associa\u00e7\u00f5es no terreno por parte dos peregrinos deste itiner\u00e1rio, que come\u00e7a na Catedral de Braga.<\/p>\n\n\n\n<p>Aquelas dificuldades constitu\u00edram os aspetos menos positivos da jornada, como refere Vicente Pereiras Marquez, que dirigiu a peregrina\u00e7\u00e3o. Como pontos positivos apontou o facto do Caminho da Geira e dos Arrieiros ser \u201cmuito bonito, embora tamb\u00e9m muito duro\u201d.<\/p>\n\n\n\n<p>\u201cO melhor que levamos desta peregrina\u00e7\u00e3o \u00e9, sem duvida, as paisagens. E uma satisfa\u00e7\u00e3o enorme por completamos um desafio pelo qual passavam os nossos antepassados durante muitas centenas de anos\u201d, adianta, destacando ainda \u201ca harmonia, o companheirismo, a passagem por s\u00edtios onde alguns nunca tinham estado e a coroa\u00e7\u00e3o do Caminho que \u00e9 a entrada em Compostela e ver a Catedral\u201d.<\/p>\n\n\n\n<p>A peregrina\u00e7\u00e3o come\u00e7ou no domingo, dia 21, em Portela do Homem, com a participa\u00e7\u00e3o de 15 cavalos e igual n\u00famero de \u201ccavaleiros experientes\u201d, pois o tra\u00e7ado \u201cn\u00e3o \u00e9 aconselh\u00e1vel a iniciados\u201d. No concelho de A Estrada (Galiza), juntaram-se-lhes outros cinco cavaleiros e o grupo chegou ao princ\u00edpio da manh\u00e3 deste s\u00e1bado, dia 27. Entre o grupo inicial havia dois jovens, de 13 e 15 anos, e tr\u00eas mulheres; todos provenientes das comunidades aut\u00f3nomas da Galiza, Val\u00eancia (Castell\u00f3n) e de Castela e Le\u00e3o (Burgos).<\/p>\n\n\n\n<p>Em 2017, a Associa\u00e7\u00e3o Rapa das Bestas de Sabucedo organizou a primeira peregrina\u00e7\u00e3o a cavalo que percorreu, embora parcialmente, o Caminho da Geira e dos Arrieiros, com a participa\u00e7\u00e3o de oito cavalos e cavaleiros. \u201cHoje o caminho \u00e9 mais conhecido, as pessoas colaboram mais com locais para deixar os cavalos, oferecendo \u00e1gua, alimentos e outras ajudas\u201d, salienta Vicente Pereiras Marquez, agradecendo \u201co apoio fundamental ao projeto, pela segunda vez, das autoridades locais do Concelho de A Estrada\u201d.<\/p>\n\n\n\n<p>O Caminho da Geira e dos Arrieiros foi apresentado em 2017 em Ribadavia (Galiza) e Braga, reconhecido pela Igreja em 2019, reconhecido pela associa\u00e7\u00e3o de munic\u00edpios transfronteiri\u00e7os Eixo Atl\u00e2ntico em 2020 e \u00e9 um itiner\u00e1rio oficial da Peregrina\u00e7\u00e3o Europeia de Jovens do Ano Santo Jacobeu 2021\/22.<\/p>\n\n\n\n<p>Este percurso de 240 quil\u00f3metros destaca-se por incluir patrim\u00f3nios \u00fanicos no mundo: a Geira Romana, a via do g\u00e9nero mais bem conservada do mundo, e a Reserva da Biosfera Transfronteiri\u00e7a Ger\u00eas-Xur\u00e9s. Al\u00e9m disso, o seu tra\u00e7ado \u00e9 um dos escassos cinco que ligam diretamente \u00e0 Catedral de Santiago de Compostela.<\/p>\n","protected":false},"excerpt":{"rendered":"<p>Os promotores da peregrina\u00e7\u00e3o a cavalo que partiu de&nbsp;Braga pelo Caminho da Geira e dos Arrieiros&nbsp;terminou na Catedral de Santiago de Compostela defendem que a homologa\u00e7\u00e3o pelas autoridades galegas e portuguesas deste itiner\u00e1rio jacobeu \u201ccontribuir\u00e1 para travar a desertifica\u00e7\u00e3o do interior das regi\u00f5es por onde passa\u201d.<\/p>\n","protected":false},"author":1,"featured_media":3328,"comment_status":"closed","ping_status":"open","sticky":false,"template":"","format":"standard","meta":{"_uag_custom_page_level_css":"","_genesis_hide_title":false,"_genesis_hide_breadcrumbs":false,"_genesis_hide_singular_image":false,"_genesis_hide_footer_widgets":false,"_genesis_custom_body_class":"","_genesis_custom_post_class":"","_genesis_layout":"","footnotes":""},"categories":[1,23,10],"tags":[],"class_list":{"0":"post-3327","1":"post","2":"type-post","3":"status-publish","4":"format-standard","5":"has-post-thumbnail","7":"category-peregrinos-camino-xacobeo-geira-romana-arrieiros","8":"category-novedades-2022","9":"category-peregrinos-camino-santiago-relatos","10":"entry"},"uagb_featured_image_src":{"full":["https:\/\/www.debragaasantiago.com\/geira-arrieiros\/alquiler\/peregrinacao-cavalo-caminho-santiago-geres-geira-romana-2022.jpg",750,394,false],"thumbnail":["https:\/\/www.debragaasantiago.com\/geira-arrieiros\/alquiler\/peregrinacao-cavalo-caminho-santiago-geres-geira-romana-2022-150x150.jpg",150,150,true],"medium":["https:\/\/www.debragaasantiago.com\/geira-arrieiros\/alquiler\/peregrinacao-cavalo-caminho-santiago-geres-geira-romana-2022-300x158.jpg",300,158,true],"medium_large":["https:\/\/www.debragaasantiago.com\/geira-arrieiros\/alquiler\/peregrinacao-cavalo-caminho-santiago-geres-geira-romana-2022.jpg",750,394,false],"large":["https:\/\/www.debragaasantiago.com\/geira-arrieiros\/alquiler\/peregrinacao-cavalo-caminho-santiago-geres-geira-romana-2022.jpg",750,394,false],"1536x1536":["https:\/\/www.debragaasantiago.com\/geira-arrieiros\/alquiler\/peregrinacao-cavalo-caminho-santiago-geres-geira-romana-2022.jpg",750,394,false],"2048x2048":["https:\/\/www.debragaasantiago.com\/geira-arrieiros\/alquiler\/peregrinacao-cavalo-caminho-santiago-geres-geira-romana-2022.jpg",750,394,false],"Blog Thumbnail":["https:\/\/www.debragaasantiago.com\/geira-arrieiros\/alquiler\/peregrinacao-cavalo-caminho-santiago-geres-geira-romana-2022-198x198.jpg",198,198,true],"store":["https:\/\/www.debragaasantiago.com\/geira-arrieiros\/alquiler\/peregrinacao-cavalo-caminho-santiago-geres-geira-romana-2022-420x221.jpg",420,221,true]},"uagb_author_info":{"display_name":"Pilgrim","author_link":"https:\/\/www.debragaasantiago.com\/geira-arrieiros\/author\/gral\/"},"uagb_comment_info":0,"uagb_excerpt":"Os promotores da peregrina\u00e7\u00e3o a cavalo que partiu de&nbsp;Braga pelo Caminho da Geira e dos Arrieiros&nbsp;terminou na Catedral de Santiago de Compostela defendem que a homologa\u00e7\u00e3o pelas autoridades galegas e portuguesas deste itiner\u00e1rio jacobeu \u201ccontribuir\u00e1 para travar a desertifica\u00e7\u00e3o do interior das regi\u00f5es por onde passa\u201d.","_links":{"self":[{"href":"https:\/\/www.debragaasantiago.com\/geira-arrieiros\/wp-json\/wp\/v2\/posts\/3327","targetHints":{"allow":["GET"]}}],"collection":[{"href":"https:\/\/www.debragaasantiago.com\/geira-arrieiros\/wp-json\/wp\/v2\/posts"}],"about":[{"href":"https:\/\/www.debragaasantiago.com\/geira-arrieiros\/wp-json\/wp\/v2\/types\/post"}],"author":[{"embeddable":true,"href":"https:\/\/www.debragaasantiago.com\/geira-arrieiros\/wp-json\/wp\/v2\/users\/1"}],"replies":[{"embeddable":true,"href":"https:\/\/www.debragaasantiago.com\/geira-arrieiros\/wp-json\/wp\/v2\/comments?post=3327"}],"version-history":[{"count":2,"href":"https:\/\/www.debragaasantiago.com\/geira-arrieiros\/wp-json\/wp\/v2\/posts\/3327\/revisions"}],"predecessor-version":[{"id":3355,"href":"https:\/\/www.debragaasantiago.com\/geira-arrieiros\/wp-json\/wp\/v2\/posts\/3327\/revisions\/3355"}],"wp:featuredmedia":[{"embeddable":true,"href":"https:\/\/www.debragaasantiago.com\/geira-arrieiros\/wp-json\/wp\/v2\/media\/3328"}],"wp:attachment":[{"href":"https:\/\/www.debragaasantiago.com\/geira-arrieiros\/wp-json\/wp\/v2\/media?parent=3327"}],"wp:term":[{"taxonomy":"category","embeddable":true,"href":"https:\/\/www.debragaasantiago.com\/geira-arrieiros\/wp-json\/wp\/v2\/categories?post=3327"},{"taxonomy":"post_tag","embeddable":true,"href":"https:\/\/www.debragaasantiago.com\/geira-arrieiros\/wp-json\/wp\/v2\/tags?post=3327"}],"curies":[{"name":"wp","href":"https:\/\/api.w.org\/{rel}","templated":true}]}}