{"id":3299,"date":"2023-03-12T18:36:00","date_gmt":"2023-03-12T17:36:00","guid":{"rendered":"https:\/\/www.debragaasantiago.com\/geira-arrieiros\/?p=3299"},"modified":"2025-01-04T10:55:29","modified_gmt":"2025-01-04T09:55:29","slug":"peregrinos-de-terras-de-bouro-atravessam-compostela-vestidos-a-imperio-romano","status":"publish","type":"post","link":"https:\/\/www.debragaasantiago.com\/geira-arrieiros\/peregrinos-de-terras-de-bouro-atravessam-compostela-vestidos-a-imperio-romano\/","title":{"rendered":"Peregrinos de Terras de Bouro atravessam Compostela vestidos \u00e0 Imp\u00e9rio Romano"},"content":{"rendered":"\n\n\n<p>Um grupo de peregrinos concluiu este domingo o Caminho da Geira e dos Arrieiros, prestando em Santiago de Compostela uma homenagem \u00e0 heran\u00e7a romana deixada na regi\u00e3o atravessada pelo itiner\u00e1rio, numa iniciativa da delega\u00e7\u00e3o de Terras de Bouro da Associa\u00e7\u00e3o Espa\u00e7o Jacobeus (AEJ).<\/p>\n\n\n\n<!--more-->\n\n\n\n<p>Os 14 peregrinos completaram a p\u00e9 os 224 quil\u00f3metros que separam Terras de Bouro da capital da Galiza, fazendo a parte final vestidos com trajos da \u00e9poca romana, motivo que despertou \u201cmuita curiosidade\u201d em quem presenciou a sua passagem.<\/p>\n\n\n\n<div class=\"wp-block-uagb-image uagb-block-37969095 wp-block-uagb-image--layout-default wp-block-uagb-image--effect-static wp-block-uagb-image--align-none\"><figure class=\"wp-block-uagb-image__figure\"><img decoding=\"async\" srcset=\"https:\/\/www.debragaasantiago.com\/geira-arrieiros\/alquiler\/CAMINHO-GEIRA-ROMANOS-SANTIAGO-parque-sar-1024x576.jpeg \" src=\"https:\/\/www.debragaasantiago.com\/geira-arrieiros\/alquiler\/CAMINHO-GEIRA-ROMANOS-SANTIAGO-parque-sar-1024x576.jpeg\" alt=\"\" class=\"uag-image-3304\" width=\"\" height=\"\" title=\"\" loading=\"lazy\"\/><\/figure><\/div>\n\n\n\n<p>\u201cEste \u00e9 um caminho que pretendemos certificar, dignificar, conservar e promover. Este \u00e9 um desafio para todos, chegar a Santiago de Compostela pela Geira\u201d, disse no final da jornada, citado em comunicado, o presidente da C\u00e2mara de Terras de Bouro, Manuel Tibo, que integrou a peregrina\u00e7\u00e3o.<\/p>\n\n\n\n<p>\u201cA c\u00e2mara municipal continuar\u00e1 a trabalhar em conjunto com os munic\u00edpios de Amares, Braga e Melga\u00e7o para a concretiza\u00e7\u00e3o de mais este projeto\u201d, que inclui \u201ca Geira milenar, que tanto orgulha Terras de Bouro\u201d, adiantou Manuel Tibo, que esteve acompanhado pelo vice-presidente da autarquia, Adelino Cunha, e pelo vereador Ant\u00f3nio Cunha.<\/p>\n\n\n\n<p>O autarca aproveitou a oportunidade para endere\u00e7ar \u201cos parab\u00e9ns a todos aqueles que ao longo dos \u00faltimos anos percorreram este itiner\u00e1rio\u201d, apelando de seguida: \u201cFa\u00e7am o Caminho da Geira e dos Arrieiros e desfrutem das bel\u00edssimas paisagens que o envolvem\u201d.<\/p>\n\n\n\n<figure class=\"wp-block-image size-large\"><img loading=\"lazy\" decoding=\"async\" width=\"1024\" height=\"576\" src=\"https:\/\/www.debragaasantiago.com\/geira-arrieiros\/alquiler\/CAMINHO-GEIRA-ROMANOS-SANTIAGO-ponte-do-sar-1024x576.jpeg\" alt=\"\" class=\"wp-image-3300\" srcset=\"https:\/\/www.debragaasantiago.com\/geira-arrieiros\/alquiler\/CAMINHO-GEIRA-ROMANOS-SANTIAGO-ponte-do-sar-1024x576.jpeg 1024w, https:\/\/www.debragaasantiago.com\/geira-arrieiros\/alquiler\/CAMINHO-GEIRA-ROMANOS-SANTIAGO-ponte-do-sar-300x169.jpeg 300w, https:\/\/www.debragaasantiago.com\/geira-arrieiros\/alquiler\/CAMINHO-GEIRA-ROMANOS-SANTIAGO-ponte-do-sar-768x432.jpeg 768w, https:\/\/www.debragaasantiago.com\/geira-arrieiros\/alquiler\/CAMINHO-GEIRA-ROMANOS-SANTIAGO-ponte-do-sar-420x236.jpeg 420w, https:\/\/www.debragaasantiago.com\/geira-arrieiros\/alquiler\/CAMINHO-GEIRA-ROMANOS-SANTIAGO-ponte-do-sar.jpeg 1536w\" sizes=\"auto, (max-width: 1024px) 100vw, 1024px\" \/><figcaption class=\"wp-element-caption\">Os peregrinos na ponte do Sar<\/figcaption><\/figure>\n\n\n\n<p>Na perspetiva do delegado da AEJ, V\u00edtor Cunha, \u201ca jornada correu muito bem\u201d e a entrada em Santiago de Compostela da coluna de peregrinos vestidos com trajos romanos \u201cdespertou curiosidade e foram muitas as pessoas que quiseram conhecer o \u00e2mbito da iniciativa\u201d.<\/p>\n\n\n\n<p>\u201cFoi uma maneira diferente de promover o Caminho da Geira e dos Arrieiros, e Terras de Bouro, que resultou muito bem\u201d, adiantou V\u00edtor Cunha.<br>Os peregrinos entraram na capital da Galiza pela zona antiga e a chegada \u00e0 Pra\u00e7a do Obradoiro, em frente \u00e0 catedral, foi acompanhada por um tocador de gaita de foles que, entretanto, se juntou ao grupo.<\/p>\n\n\n\n<figure class=\"wp-block-image size-large\"><img loading=\"lazy\" decoding=\"async\" width=\"578\" height=\"1024\" src=\"https:\/\/www.debragaasantiago.com\/geira-arrieiros\/alquiler\/CAMINHO-GEIRA-ROMANOS-SANTIAGO-ruas-de-compostela-578x1024.jpeg\" alt=\"\" class=\"wp-image-3301\" srcset=\"https:\/\/www.debragaasantiago.com\/geira-arrieiros\/alquiler\/CAMINHO-GEIRA-ROMANOS-SANTIAGO-ruas-de-compostela-578x1024.jpeg 578w, https:\/\/www.debragaasantiago.com\/geira-arrieiros\/alquiler\/CAMINHO-GEIRA-ROMANOS-SANTIAGO-ruas-de-compostela-169x300.jpeg 169w, https:\/\/www.debragaasantiago.com\/geira-arrieiros\/alquiler\/CAMINHO-GEIRA-ROMANOS-SANTIAGO-ruas-de-compostela-768x1362.jpeg 768w, https:\/\/www.debragaasantiago.com\/geira-arrieiros\/alquiler\/CAMINHO-GEIRA-ROMANOS-SANTIAGO-ruas-de-compostela-866x1536.jpeg 866w, https:\/\/www.debragaasantiago.com\/geira-arrieiros\/alquiler\/CAMINHO-GEIRA-ROMANOS-SANTIAGO-ruas-de-compostela-150x266.jpeg 150w, https:\/\/www.debragaasantiago.com\/geira-arrieiros\/alquiler\/CAMINHO-GEIRA-ROMANOS-SANTIAGO-ruas-de-compostela.jpeg 1128w\" sizes=\"auto, (max-width: 578px) 100vw, 578px\" \/><\/figure>\n\n\n\n<p>A peregrina\u00e7\u00e3o come\u00e7ou em Santa Cruz, no concelho de Amares, em maio do ano passado, decorrendo uma etapa por m\u00eas, com exce\u00e7\u00e3o de julho e agosto. Este domingo, foi cumprido o \u00faltimo tro\u00e7o, entre Pontevea a Santiago de Compostela.<\/p>\n\n\n\n<p>O Caminho da Geira e dos Arrieiros come\u00e7a na S\u00e9 de Braga e passa pelos munic\u00edpios de Amares, Terras de Bouro e Melga\u00e7o, entrando na Galiza pela Portela Homem. Nos \u00faltimos seis anos foi percorrido por mais de tr\u00eas mil peregrinos, um ter\u00e7o dos quais em 2022; &nbsp;sobretudo de Portugal e Espanha, mas tamb\u00e9m de It\u00e1lia, Inglaterra, Alemanha, Cro\u00e1cia, Ucr\u00e2nia, R\u00fassia, Pol\u00f3nia, Brasil, EUA, Austr\u00e1lia ou Pa\u00edses Baixos.<\/p>\n\n\n\n<div class=\"wp-block-uagb-image uagb-block-5a53eed3 wp-block-uagb-image--layout-default wp-block-uagb-image--effect-static wp-block-uagb-image--align-none\"><figure class=\"wp-block-uagb-image__figure\"><img decoding=\"async\" srcset=\"https:\/\/www.debragaasantiago.com\/geira-arrieiros\/alquiler\/CAMINHO-GEIRA-ROMANOS-SANTIAGO-01-obradoiro-1024x576.jpeg \" src=\"https:\/\/www.debragaasantiago.com\/geira-arrieiros\/alquiler\/CAMINHO-GEIRA-ROMANOS-SANTIAGO-01-obradoiro-1024x576.jpeg\" alt=\"\" class=\"uag-image-3305\" width=\"\" height=\"\" title=\"\" loading=\"lazy\"\/><\/figure><\/div>\n\n\n\n<p><a href=\"https:\/\/ominho.pt\/peregrinos-de-terras-de-bouro-atravessam-compostela-vestidos-a-imperio-romano\/\" target=\"_blank\" rel=\"noreferrer noopener\">Fonte: https:\/\/ominho.pt\/peregrinos-de-terras-de-bouro-atravessam-compostela-vestidos-a-imperio-romano\/<\/a><\/p>\n","protected":false},"excerpt":{"rendered":"<p>Um grupo de peregrinos concluiu este domingo o Caminho da Geira e dos Arrieiros, prestando em Santiago de Compostela uma homenagem \u00e0 heran\u00e7a romana deixada na regi\u00e3o atravessada pelo itiner\u00e1rio, numa iniciativa da delega\u00e7\u00e3o de Terras de Bouro da Associa\u00e7\u00e3o Espa\u00e7o Jacobeus (AEJ).<\/p>\n","protected":false},"author":1,"featured_media":3305,"comment_status":"closed","ping_status":"open","sticky":false,"template":"","format":"standard","meta":{"_uag_custom_page_level_css":"","_genesis_hide_title":false,"_genesis_hide_breadcrumbs":false,"_genesis_hide_singular_image":false,"_genesis_hide_footer_widgets":false,"_genesis_custom_body_class":"","_genesis_custom_post_class":"","_genesis_layout":"","footnotes":""},"categories":[1,24,29],"tags":[],"class_list":{"0":"post-3299","1":"post","2":"type-post","3":"status-publish","4":"format-standard","5":"has-post-thumbnail","7":"category-peregrinos-camino-xacobeo-geira-romana-arrieiros","8":"category-novedades-2023","9":"category-asociacions-e-colaboradores","10":"entry"},"uagb_featured_image_src":{"full":["https:\/\/www.debragaasantiago.com\/geira-arrieiros\/alquiler\/CAMINHO-GEIRA-ROMANOS-SANTIAGO-01-obradoiro.jpeg",2016,1134,false],"thumbnail":["https:\/\/www.debragaasantiago.com\/geira-arrieiros\/alquiler\/CAMINHO-GEIRA-ROMANOS-SANTIAGO-01-obradoiro-150x150.jpeg",150,150,true],"medium":["https:\/\/www.debragaasantiago.com\/geira-arrieiros\/alquiler\/CAMINHO-GEIRA-ROMANOS-SANTIAGO-01-obradoiro-300x169.jpeg",300,169,true],"medium_large":["https:\/\/www.debragaasantiago.com\/geira-arrieiros\/alquiler\/CAMINHO-GEIRA-ROMANOS-SANTIAGO-01-obradoiro-768x432.jpeg",768,432,true],"large":["https:\/\/www.debragaasantiago.com\/geira-arrieiros\/alquiler\/CAMINHO-GEIRA-ROMANOS-SANTIAGO-01-obradoiro-1024x576.jpeg",1024,576,true],"1536x1536":["https:\/\/www.debragaasantiago.com\/geira-arrieiros\/alquiler\/CAMINHO-GEIRA-ROMANOS-SANTIAGO-01-obradoiro-1536x864.jpeg",1536,864,true],"2048x2048":["https:\/\/www.debragaasantiago.com\/geira-arrieiros\/alquiler\/CAMINHO-GEIRA-ROMANOS-SANTIAGO-01-obradoiro.jpeg",2016,1134,false],"Blog Thumbnail":["https:\/\/www.debragaasantiago.com\/geira-arrieiros\/alquiler\/CAMINHO-GEIRA-ROMANOS-SANTIAGO-01-obradoiro-198x198.jpeg",198,198,true],"store":["https:\/\/www.debragaasantiago.com\/geira-arrieiros\/alquiler\/CAMINHO-GEIRA-ROMANOS-SANTIAGO-01-obradoiro-420x236.jpeg",420,236,true]},"uagb_author_info":{"display_name":"Pilgrim","author_link":"https:\/\/www.debragaasantiago.com\/geira-arrieiros\/author\/gral\/"},"uagb_comment_info":0,"uagb_excerpt":"Um grupo de peregrinos concluiu este domingo o Caminho da Geira e dos Arrieiros, prestando em Santiago de Compostela uma homenagem \u00e0 heran\u00e7a romana deixada na regi\u00e3o atravessada pelo itiner\u00e1rio, numa iniciativa da delega\u00e7\u00e3o de Terras de Bouro da Associa\u00e7\u00e3o Espa\u00e7o Jacobeus (AEJ).","_links":{"self":[{"href":"https:\/\/www.debragaasantiago.com\/geira-arrieiros\/wp-json\/wp\/v2\/posts\/3299","targetHints":{"allow":["GET"]}}],"collection":[{"href":"https:\/\/www.debragaasantiago.com\/geira-arrieiros\/wp-json\/wp\/v2\/posts"}],"about":[{"href":"https:\/\/www.debragaasantiago.com\/geira-arrieiros\/wp-json\/wp\/v2\/types\/post"}],"author":[{"embeddable":true,"href":"https:\/\/www.debragaasantiago.com\/geira-arrieiros\/wp-json\/wp\/v2\/users\/1"}],"replies":[{"embeddable":true,"href":"https:\/\/www.debragaasantiago.com\/geira-arrieiros\/wp-json\/wp\/v2\/comments?post=3299"}],"version-history":[{"count":4,"href":"https:\/\/www.debragaasantiago.com\/geira-arrieiros\/wp-json\/wp\/v2\/posts\/3299\/revisions"}],"predecessor-version":[{"id":3351,"href":"https:\/\/www.debragaasantiago.com\/geira-arrieiros\/wp-json\/wp\/v2\/posts\/3299\/revisions\/3351"}],"wp:featuredmedia":[{"embeddable":true,"href":"https:\/\/www.debragaasantiago.com\/geira-arrieiros\/wp-json\/wp\/v2\/media\/3305"}],"wp:attachment":[{"href":"https:\/\/www.debragaasantiago.com\/geira-arrieiros\/wp-json\/wp\/v2\/media?parent=3299"}],"wp:term":[{"taxonomy":"category","embeddable":true,"href":"https:\/\/www.debragaasantiago.com\/geira-arrieiros\/wp-json\/wp\/v2\/categories?post=3299"},{"taxonomy":"post_tag","embeddable":true,"href":"https:\/\/www.debragaasantiago.com\/geira-arrieiros\/wp-json\/wp\/v2\/tags?post=3299"}],"curies":[{"name":"wp","href":"https:\/\/api.w.org\/{rel}","templated":true}]}}