{"id":3289,"date":"2023-03-20T18:16:27","date_gmt":"2023-03-20T17:16:27","guid":{"rendered":"https:\/\/www.debragaasantiago.com\/geira-arrieiros\/?p=3289"},"modified":"2025-01-04T10:55:03","modified_gmt":"2025-01-04T09:55:03","slug":"caminho-da-geira-e-o-cenario-do-filme-exibido-em-16-festivais","status":"publish","type":"post","link":"https:\/\/www.debragaasantiago.com\/geira-arrieiros\/caminho-da-geira-e-o-cenario-do-filme-exibido-em-16-festivais\/","title":{"rendered":"Caminho da Geira \u00e9 o cen\u00e1rio do filme exibido em 16 festivais"},"content":{"rendered":"\n<p><strong>O Caminho da Geira \u00e9 a cena do document\u00e1rio, realizado por Pedro Gil Vasconcelos, que j\u00e1 passou em 16 festivais na Europa, Am\u00e9rica e \u00c1sia.<\/strong><\/p>\n\n\n\n<p>Fonte: https:\/\/www.oturismo.pt\/turismo-religioso\/47862-caminho-da-geira-e-o-cenario-do-filme-exibido-em-16-festivais.html<\/p>\n\n\n\n<!--more-->\n\n\n\n<div class=\"wp-block-uagb-image uagb-block-bea0b13f wp-block-uagb-image--layout-default wp-block-uagb-image--effect-static wp-block-uagb-image--align-none\"><figure class=\"wp-block-uagb-image__figure\"><img decoding=\"async\" srcset=\"https:\/\/www.debragaasantiago.com\/geira-arrieiros\/alquiler\/docuemntario-16-festivais-europa-america-asia..jpg \" src=\"https:\/\/www.debragaasantiago.com\/geira-arrieiros\/alquiler\/docuemntario-16-festivais-europa-america-asia..jpg\" alt=\"\" class=\"uag-image-3290\" width=\"\" height=\"\" title=\"\" loading=\"lazy\"\/><\/figure><\/div>\n\n\n\n<p><strong>\u201cO Meu Caminho\u201d<\/strong>&nbsp;\u00e9 o nome do document\u00e1rio que tem como tela o Caminho da Geira e dos Arrieiros. Foi filmado h\u00e1 dois anos e bem recebido pelo p\u00fablico \u201c<strong>tem sido muito boa e a opini\u00e3o generalizada \u00e9 de que as paisagens s\u00e3o bel\u00edssimas\u201d,&nbsp;<\/strong>afirmou o realizador que j\u00e1 conta no seu acervo seis pr\u00e9mios, tr\u00eas men\u00e7\u00f5es honrosas e j\u00e1 foi escolhido para seis selec\u00e7\u00f5es oficiais e uma vez semifinalista.<\/p>\n\n\n\n<p>Pedro Gil Vasconcelos, natural do Porto, avan\u00e7ou que&nbsp;<strong>\u201cn\u00e3o previa os resultados que o document\u00e1rio despertou, conquanto \u00abtivesse consci\u00eancia de ter um produto interessante e capaz de despertar interesse\u201d.<\/strong><\/p>\n\n\n\n<p><strong>\u201cO Meu Caminho\u201d<\/strong>&nbsp;foi produzido pela Completa Mente, que contou a edi\u00e7\u00e3o de Marcos Nunes (Cia Films) e com o apoio de Jorge Medreiros (VideoContacto).<br>O filme esteve na mente do realizador durante o tempo suficiente, at\u00e9 chegar o momento da sua realiza\u00e7\u00e3o. Recordou que&nbsp;<strong>\u201cTinha planeado um document\u00e1rio sobre o Caminho de Santiago, mas n\u00e3o estava a conseguir reunir as condi\u00e7\u00f5es para o produzir\u201d.<\/strong><\/p>\n\n\n\n<p>Adriano Carneiro foi o companheiro da viagem e o protagonista do filme, segundo o realizador.<\/p>\n\n\n\n<p>Licenciado em cinema e audiovisuais, pela Escola Superior Art\u00edstica do Porto, Pedro Gil Vasconcelos explicou que&nbsp;<strong>\u201cEm 2021 decidi retomar o projeto e redimension\u00e1-lo, adapt\u00e1-lo a novas formas de produ\u00e7\u00e3o. A evolu\u00e7\u00e3o que os telem\u00f3veis trouxeram permitiu-me abordar o filme numa perspetiva atual, de baixo impacto e com custos extremamente controlados\u201d.<\/strong><\/p>\n\n\n\n<p>O filme arcou um or\u00e7amento limitado e, nesse sentido, o realizador optou por um baixo impacto de emiss\u00f5es de carbono na sua produ\u00e7\u00e3o. O uso de transportes p\u00fablicos e todo o processo de rodagem foi a p\u00e9, num acto de redu\u00e7\u00e3o de pegada ecol\u00f3gica. Quanto ao resto, a escrita e a imagina\u00e7\u00e3o fizeram o resto.<\/p>\n\n\n\n<p>Com efeito, o realizador do filme compreendeu que este caminho deve ser valorizado, de modo a evitar a sua massifica\u00e7\u00e3o. Evidenciando a sua preocupa\u00e7\u00e3o, sobretudo, para o aspecto da presen\u00e7a de peregrinos em massa, que pode levar a um risco de destrui\u00e7\u00e3o do Parque Nacional da Peneda Ger\u00eas.<\/p>\n\n\n\n<p>Em 2022, o Caminho da Geira e dos Arrieiros foi percorrido por menos de tr\u00eas peregrinos por dia e, em m\u00e9dia, por um total de tr\u00eas mil nos \u00faltimos seis anos.<\/p>\n\n\n\n<p>Relembra-se que o Caminho da Geira e dos Arrieiros come\u00e7a na S\u00e9 de Braga e ao longo de 240 quil\u00f3metros atravessa Amares, Terras de Bouro e Melga\u00e7o, entrando na Galiza pela Portela do Homem.<\/p>\n\n\n\n<p>O percurso \u00e9 um abrigo de patrim\u00f3nios \u00fanicos no mundo, como o caso da Geira Romana, a via mais bem conservado do mundo e a Reserva da Biosfera Transfronteiri\u00e7a Ger\u00eas-Xur\u00e9s.<\/p>\n\n\n\n<p>Al\u00e9m disso, o seu percurso \u00e9 um dos poucos cinco que liga directamente \u00e0 Catedral de Santiago de Compostela.<\/p>\n","protected":false},"excerpt":{"rendered":"<p>O Caminho da Geira \u00e9 a cena do document\u00e1rio, realizado por Pedro Gil Vasconcelos, que j\u00e1 passou em 16 festivais na Europa, Am\u00e9rica e \u00c1sia. Fonte: https:\/\/www.oturismo.pt\/turismo-religioso\/47862-caminho-da-geira-e-o-cenario-do-filme-exibido-em-16-festivais.html<\/p>\n","protected":false},"author":1,"featured_media":3290,"comment_status":"closed","ping_status":"open","sticky":false,"template":"","format":"standard","meta":{"_uag_custom_page_level_css":"","_genesis_hide_title":false,"_genesis_hide_breadcrumbs":false,"_genesis_hide_singular_image":false,"_genesis_hide_footer_widgets":false,"_genesis_custom_body_class":"","_genesis_custom_post_class":"","_genesis_layout":"","footnotes":""},"categories":[1,24,29,17],"tags":[],"class_list":{"0":"post-3289","1":"post","2":"type-post","3":"status-publish","4":"format-standard","5":"has-post-thumbnail","7":"category-peregrinos-camino-xacobeo-geira-romana-arrieiros","8":"category-novedades-2023","9":"category-asociacions-e-colaboradores","10":"category-videos-imagenes-caminho-santiago","11":"entry"},"uagb_featured_image_src":{"full":["https:\/\/www.debragaasantiago.com\/geira-arrieiros\/alquiler\/docuemntario-16-festivais-europa-america-asia..jpg",900,409,false],"thumbnail":["https:\/\/www.debragaasantiago.com\/geira-arrieiros\/alquiler\/docuemntario-16-festivais-europa-america-asia.-150x150.jpg",150,150,true],"medium":["https:\/\/www.debragaasantiago.com\/geira-arrieiros\/alquiler\/docuemntario-16-festivais-europa-america-asia.-300x136.jpg",300,136,true],"medium_large":["https:\/\/www.debragaasantiago.com\/geira-arrieiros\/alquiler\/docuemntario-16-festivais-europa-america-asia.-768x349.jpg",768,349,true],"large":["https:\/\/www.debragaasantiago.com\/geira-arrieiros\/alquiler\/docuemntario-16-festivais-europa-america-asia..jpg",900,409,false],"1536x1536":["https:\/\/www.debragaasantiago.com\/geira-arrieiros\/alquiler\/docuemntario-16-festivais-europa-america-asia..jpg",900,409,false],"2048x2048":["https:\/\/www.debragaasantiago.com\/geira-arrieiros\/alquiler\/docuemntario-16-festivais-europa-america-asia..jpg",900,409,false],"Blog Thumbnail":["https:\/\/www.debragaasantiago.com\/geira-arrieiros\/alquiler\/docuemntario-16-festivais-europa-america-asia.-198x198.jpg",198,198,true],"store":["https:\/\/www.debragaasantiago.com\/geira-arrieiros\/alquiler\/docuemntario-16-festivais-europa-america-asia.-420x191.jpg",420,191,true]},"uagb_author_info":{"display_name":"Pilgrim","author_link":"https:\/\/www.debragaasantiago.com\/geira-arrieiros\/author\/gral\/"},"uagb_comment_info":0,"uagb_excerpt":"O Caminho da Geira \u00e9 a cena do document\u00e1rio, realizado por Pedro Gil Vasconcelos, que j\u00e1 passou em 16 festivais na Europa, Am\u00e9rica e \u00c1sia. Fonte: https:\/\/www.oturismo.pt\/turismo-religioso\/47862-caminho-da-geira-e-o-cenario-do-filme-exibido-em-16-festivais.html","_links":{"self":[{"href":"https:\/\/www.debragaasantiago.com\/geira-arrieiros\/wp-json\/wp\/v2\/posts\/3289","targetHints":{"allow":["GET"]}}],"collection":[{"href":"https:\/\/www.debragaasantiago.com\/geira-arrieiros\/wp-json\/wp\/v2\/posts"}],"about":[{"href":"https:\/\/www.debragaasantiago.com\/geira-arrieiros\/wp-json\/wp\/v2\/types\/post"}],"author":[{"embeddable":true,"href":"https:\/\/www.debragaasantiago.com\/geira-arrieiros\/wp-json\/wp\/v2\/users\/1"}],"replies":[{"embeddable":true,"href":"https:\/\/www.debragaasantiago.com\/geira-arrieiros\/wp-json\/wp\/v2\/comments?post=3289"}],"version-history":[{"count":2,"href":"https:\/\/www.debragaasantiago.com\/geira-arrieiros\/wp-json\/wp\/v2\/posts\/3289\/revisions"}],"predecessor-version":[{"id":3350,"href":"https:\/\/www.debragaasantiago.com\/geira-arrieiros\/wp-json\/wp\/v2\/posts\/3289\/revisions\/3350"}],"wp:featuredmedia":[{"embeddable":true,"href":"https:\/\/www.debragaasantiago.com\/geira-arrieiros\/wp-json\/wp\/v2\/media\/3290"}],"wp:attachment":[{"href":"https:\/\/www.debragaasantiago.com\/geira-arrieiros\/wp-json\/wp\/v2\/media?parent=3289"}],"wp:term":[{"taxonomy":"category","embeddable":true,"href":"https:\/\/www.debragaasantiago.com\/geira-arrieiros\/wp-json\/wp\/v2\/categories?post=3289"},{"taxonomy":"post_tag","embeddable":true,"href":"https:\/\/www.debragaasantiago.com\/geira-arrieiros\/wp-json\/wp\/v2\/tags?post=3289"}],"curies":[{"name":"wp","href":"https:\/\/api.w.org\/{rel}","templated":true}]}}