{"id":2956,"date":"2021-12-03T17:40:35","date_gmt":"2021-12-03T16:40:35","guid":{"rendered":"https:\/\/www.debragaasantiago.com\/geira-arrieiros\/?p=2956"},"modified":"2025-01-04T10:57:03","modified_gmt":"2025-01-04T09:57:03","slug":"a-xunta-de-galicia-inicia-o-expediente-para-a-declaracion-deste-camino-como-ruta-oficial","status":"publish","type":"post","link":"https:\/\/www.debragaasantiago.com\/geira-arrieiros\/a-xunta-de-galicia-inicia-o-expediente-para-a-declaracion-deste-camino-como-ruta-oficial\/","title":{"rendered":"A Xunta de Galicia inicia o expediente para a declaraci\u00f3n do cami\u00f1o da Geira como ruta oficial"},"content":{"rendered":"\n<p>O proceso, que durar\u00e1 2 anos, estar\u00e1 xestionado polo CSIC, a trav\u00e9s do Instituto de Estudos Galegos Padre Sarmiento, que elaborar\u00e1 unha metodolox\u00eda para evaluar e reco\u00f1ecer os distintos itinerarios dos caminos de Santiago hist\u00f3ricos.<br>O <strong>Cami\u00f1o da Geira e dos Arrieiros<\/strong>, que conta con referencias patrimoniais indicadoras do seu uso polos peregrinos a Santiago dende o <strong>s\u00e9culo XII<\/strong>, referencias documentais concretas dende o <strong>s\u00e9culo XV<\/strong> e foi percorrido por <strong><a rel=\"noreferrer noopener\" href=\"https:\/\/viagens.sapo.pt\/viajar\/noticias-viajar\/artigos\/mais-de-dois-mil-peregrinos-ja-fizeram-o-caminho-braga-a-santiago\" target=\"_blank\">m\u00e1is de 2.000 peregrinos<\/a> nos \u00faltimos 4 anos<\/strong>; o que o coloca, polo menos na teor\u00eda, nunha posici\u00f3n moi favorable para ser reco\u00f1ecido, destacando entre as outras sete propostas que tam\u00e9n se estudiar\u00e1n.<\/p>\n\n\n\n<!--more-->\n\n\n\n<div class=\"wp-block-uagb-image uagb-block-d8998b4f wp-block-uagb-image--layout-default wp-block-uagb-image--effect-static wp-block-uagb-image--align-none\"><figure class=\"wp-block-uagb-image__figure\"><img decoding=\"async\" srcset=\"https:\/\/www.debragaasantiago.com\/geira-arrieiros\/alquiler\/reunion-conselleiro-xunta-proxecto-neocaminos-geira-1024x576.jpg \" src=\"https:\/\/www.debragaasantiago.com\/geira-arrieiros\/alquiler\/reunion-conselleiro-xunta-proxecto-neocaminos-geira-1024x576.jpg\" alt=\"\" class=\"uag-image-3313\" width=\"\" height=\"\" title=\"\" loading=\"lazy\"\/><\/figure><\/div>\n\n\n","protected":false},"excerpt":{"rendered":"<p>O proceso, que durar\u00e1 2 anos, estar\u00e1 xestionado polo CSIC, a trav\u00e9s do Instituto de Estudos Galegos Padre Sarmiento, que elaborar\u00e1 unha metodolox\u00eda para evaluar e reco\u00f1ecer os distintos itinerarios dos caminos de Santiago hist\u00f3ricos.O Cami\u00f1o da Geira e dos Arrieiros, que conta con referencias patrimoniais indicadoras do seu uso polos peregrinos a Santiago dende o s\u00e9culo XII, referencias documentais concretas dende o s\u00e9culo XV e foi percorrido por m\u00e1is de 2.000 peregrinos nos \u00faltimos 4 anos; o que o coloca, polo menos na teor\u00eda, <span class=\"more-link\"><a href=\"https:\/\/www.debragaasantiago.com\/geira-arrieiros\/a-xunta-de-galicia-inicia-o-expediente-para-a-declaracion-deste-camino-como-ruta-oficial\/\" rel=\"nofollow\">Read More<\/a><\/span><\/p>\n","protected":false},"author":1,"featured_media":3313,"comment_status":"closed","ping_status":"open","sticky":false,"template":"","format":"standard","meta":{"_uag_custom_page_level_css":"","_genesis_hide_title":false,"_genesis_hide_breadcrumbs":false,"_genesis_hide_singular_image":false,"_genesis_hide_footer_widgets":false,"_genesis_custom_body_class":"","_genesis_custom_post_class":"","_genesis_layout":"","footnotes":""},"categories":[1,22,29],"tags":[],"class_list":{"0":"post-2956","1":"post","2":"type-post","3":"status-publish","4":"format-standard","5":"has-post-thumbnail","7":"category-peregrinos-camino-xacobeo-geira-romana-arrieiros","8":"category-novedades-2021","9":"category-asociacions-e-colaboradores","10":"entry"},"uagb_featured_image_src":{"full":["https:\/\/www.debragaasantiago.com\/geira-arrieiros\/alquiler\/reunion-conselleiro-xunta-proxecto-neocaminos-geira.jpg",1200,675,false],"thumbnail":["https:\/\/www.debragaasantiago.com\/geira-arrieiros\/alquiler\/reunion-conselleiro-xunta-proxecto-neocaminos-geira-150x150.jpg",150,150,true],"medium":["https:\/\/www.debragaasantiago.com\/geira-arrieiros\/alquiler\/reunion-conselleiro-xunta-proxecto-neocaminos-geira-300x169.jpg",300,169,true],"medium_large":["https:\/\/www.debragaasantiago.com\/geira-arrieiros\/alquiler\/reunion-conselleiro-xunta-proxecto-neocaminos-geira-768x432.jpg",768,432,true],"large":["https:\/\/www.debragaasantiago.com\/geira-arrieiros\/alquiler\/reunion-conselleiro-xunta-proxecto-neocaminos-geira-1024x576.jpg",1024,576,true],"1536x1536":["https:\/\/www.debragaasantiago.com\/geira-arrieiros\/alquiler\/reunion-conselleiro-xunta-proxecto-neocaminos-geira.jpg",1200,675,false],"2048x2048":["https:\/\/www.debragaasantiago.com\/geira-arrieiros\/alquiler\/reunion-conselleiro-xunta-proxecto-neocaminos-geira.jpg",1200,675,false],"Blog Thumbnail":["https:\/\/www.debragaasantiago.com\/geira-arrieiros\/alquiler\/reunion-conselleiro-xunta-proxecto-neocaminos-geira-198x198.jpg",198,198,true],"store":["https:\/\/www.debragaasantiago.com\/geira-arrieiros\/alquiler\/reunion-conselleiro-xunta-proxecto-neocaminos-geira-420x236.jpg",420,236,true]},"uagb_author_info":{"display_name":"Pilgrim","author_link":"https:\/\/www.debragaasantiago.com\/geira-arrieiros\/author\/gral\/"},"uagb_comment_info":0,"uagb_excerpt":"O proceso, que durar\u00e1 2 anos, estar\u00e1 xestionado polo CSIC, a trav\u00e9s do Instituto de Estudos Galegos Padre Sarmiento, que elaborar\u00e1 unha metodolox\u00eda para evaluar e reco\u00f1ecer os distintos itinerarios dos caminos de Santiago hist\u00f3ricos.O Cami\u00f1o da Geira e dos Arrieiros, que conta con referencias patrimoniais indicadoras do seu uso polos peregrinos a Santiago dende&hellip;","_links":{"self":[{"href":"https:\/\/www.debragaasantiago.com\/geira-arrieiros\/wp-json\/wp\/v2\/posts\/2956","targetHints":{"allow":["GET"]}}],"collection":[{"href":"https:\/\/www.debragaasantiago.com\/geira-arrieiros\/wp-json\/wp\/v2\/posts"}],"about":[{"href":"https:\/\/www.debragaasantiago.com\/geira-arrieiros\/wp-json\/wp\/v2\/types\/post"}],"author":[{"embeddable":true,"href":"https:\/\/www.debragaasantiago.com\/geira-arrieiros\/wp-json\/wp\/v2\/users\/1"}],"replies":[{"embeddable":true,"href":"https:\/\/www.debragaasantiago.com\/geira-arrieiros\/wp-json\/wp\/v2\/comments?post=2956"}],"version-history":[{"count":6,"href":"https:\/\/www.debragaasantiago.com\/geira-arrieiros\/wp-json\/wp\/v2\/posts\/2956\/revisions"}],"predecessor-version":[{"id":3357,"href":"https:\/\/www.debragaasantiago.com\/geira-arrieiros\/wp-json\/wp\/v2\/posts\/2956\/revisions\/3357"}],"wp:featuredmedia":[{"embeddable":true,"href":"https:\/\/www.debragaasantiago.com\/geira-arrieiros\/wp-json\/wp\/v2\/media\/3313"}],"wp:attachment":[{"href":"https:\/\/www.debragaasantiago.com\/geira-arrieiros\/wp-json\/wp\/v2\/media?parent=2956"}],"wp:term":[{"taxonomy":"category","embeddable":true,"href":"https:\/\/www.debragaasantiago.com\/geira-arrieiros\/wp-json\/wp\/v2\/categories?post=2956"},{"taxonomy":"post_tag","embeddable":true,"href":"https:\/\/www.debragaasantiago.com\/geira-arrieiros\/wp-json\/wp\/v2\/tags?post=2956"}],"curies":[{"name":"wp","href":"https:\/\/api.w.org\/{rel}","templated":true}]}}