{"id":2866,"date":"2021-04-16T17:12:39","date_gmt":"2021-04-16T15:12:39","guid":{"rendered":"https:\/\/www.debragaasantiago.com\/geira-arrieiros\/?p=2866"},"modified":"2023-01-29T11:19:17","modified_gmt":"2023-01-29T10:19:17","slug":"lancados-dois-documentarios-braga-a-santiago-de-compostela","status":"publish","type":"post","link":"https:\/\/www.debragaasantiago.com\/geira-arrieiros\/lancados-dois-documentarios-braga-a-santiago-de-compostela\/","title":{"rendered":"Lan\u00e7ados dois document\u00e1rios sobre o caminho de Braga a Santiago de Compostela"},"content":{"rendered":"\n<p>O Governo Aut\u00f3nomo da Galiza apoiou a realiza\u00e7\u00e3o de dois document\u00e1rios sobre o Caminho da Geira e dos Arrieiros, que liga Braga a Santiago de Compostela na dist\u00e2ncia de 240 quil\u00f3metros, atrav\u00e9s do \u201cFundo de Projetos Culturais Jacobeu 2021\u201d.<\/p>\n\n\n\n<!--more-->\n\n\n\n<p>O primeiro dos filmes acabados de lan\u00e7ar, intitulado \u201cGer\u00eas-Xur\u00e9s no Caminho da Geira e dos Arrieiros\u201d, tem a dura\u00e7\u00e3o de 26 minutos e destaca a reserva da biosfera transfronteiri\u00e7a, declarada em 2009 pela UNESCO.<\/p>\n\n\n\n<p>\u201cO document\u00e1rio, com vers\u00f5es em portugu\u00eas e galego, destina-se a divulgar o caminho, com especial \u00eanfase no tro\u00e7o pelo Ger\u00eas e nos elementos mais relevantes: espa\u00e7os naturais, arquitet\u00f3nicos, hist\u00f3ricos, servi\u00e7os ou alternativas pr\u00f3ximas\u201d, explica a Secretaria Geral de Pol\u00edtica Lingu\u00edstica do Governo da Galiza, gestora do fundo que financiou o projeto.<\/p>\n\n\n\n<p><\/p>\n\n\n\n<figure class=\"wp-block-image size-large\"><img loading=\"lazy\" decoding=\"async\" width=\"1024\" height=\"624\" src=\"https:\/\/www.debragaasantiago.com\/geira-arrieiros\/alquiler\/worlddrone-balndeario-os-banos-lobios-1024x624.jpg\" alt=\"\" class=\"wp-image-2868\" srcset=\"https:\/\/www.debragaasantiago.com\/geira-arrieiros\/alquiler\/worlddrone-balndeario-os-banos-lobios-1024x624.jpg 1024w, https:\/\/www.debragaasantiago.com\/geira-arrieiros\/alquiler\/worlddrone-balndeario-os-banos-lobios-300x183.jpg 300w, https:\/\/www.debragaasantiago.com\/geira-arrieiros\/alquiler\/worlddrone-balndeario-os-banos-lobios-768x468.jpg 768w, https:\/\/www.debragaasantiago.com\/geira-arrieiros\/alquiler\/worlddrone-balndeario-os-banos-lobios-420x256.jpg 420w, https:\/\/www.debragaasantiago.com\/geira-arrieiros\/alquiler\/worlddrone-balndeario-os-banos-lobios.jpg 1080w\" sizes=\"auto, (max-width: 1024px) 100vw, 1024px\" \/><figcaption>Os Ba\u00f1os (foto WorldDrone)<\/figcaption><\/figure>\n\n\n\n<p>\u201cUma peregrina guia os espetadores pelo caminho, enquanto vai obtendo os selos di\u00e1rios que, no final, lhe garantir\u00e3o a atribui\u00e7\u00e3o da Compostela. A narra\u00e7\u00e3o detalha os aspetos que fazem deste caminho uma experi\u00eancia inesquec\u00edvel\u201d, adianta.<\/p>\n\n\n\n<p>O v\u00eddeo \u201cGer\u00eas-Xur\u00e9s no Caminho da Geira e dos Arrieiros\u201d tem gui\u00e3o e dire\u00e7\u00e3o de Mar\u00eda del Carmen Fern\u00e1ndez Blanco e foi realizado por Francisco V. Barros. A m\u00fasica \u00e9 do compositor galego Xo\u00e1n L\u00f3pez.<\/p>\n\n\n\n<p>O segundo document\u00e1rio, intitulado \u201cCaminho da Geira e dos Arrieiros. Worldrone\u201d, foi dirigido por Xoel M\u00e9ndezun e filmado no g\u00e9nero \u201croad movie\u201d. \u201cA c\u00e2mara percorre por terra e ar a rota, que apesar do seu injusto anonimato j\u00e1 conta s\u00e9culos de hist\u00f3ria\u201d, explica a Secretaria Geral de Pol\u00edtica Lingu\u00edstica.<\/p>\n\n\n\n<p>\u201cAo longo do percurso, investigadores e personalidades da vida pol\u00edtica e cultural dos munic\u00edpios por onde passa explicam a import\u00e2ncia hist\u00f3rica, da paisagem e do patrim\u00f3nio que faz do Caminho da Geira uma das rotas jacobeias com maior potencial e mais valorizadas pelos peregrinos\u201d, adianta.<\/p>\n\n\n\n<p>Um narrador complementa a informa\u00e7\u00e3o do filme \u2013 o som, dividido em oito trechos, pode ser ouvido separadamente. Tem a dura\u00e7\u00e3o de uma hora, foi produzido pela Worldrone e dedicado \u00e0 mem\u00f3ria de Jos\u00e9 Rodr\u00edguez Valin\u00e3s, um habitante de Beariz [Galiza] que apoiou os peregrinos.<\/p>\n\n\n\n<p>O Caminho da Geira e dos Arrieiros foi apresentado em 2017 em Ribadavia (Galiza) e Braga, reconhecido pela Igreja de Santiago de Compostela em 2019, reconhecido pela associa\u00e7\u00e3o de munic\u00edpios transfronteiri\u00e7os Eixo Atl\u00e2ntico em 2020 e \u00e9 um itiner\u00e1rio oficial da Peregrina\u00e7\u00e3o Europeia de Jovens do Ano Santo Jacobeu 2021\/22.<\/p>\n\n\n\n<p>Este percurso destaca-se por incluir patrim\u00f3nios \u00fanicos no mundo: a Geira Romana e a Reserva da Biosfera do Ger\u00eas\/Xur\u00e9s. Al\u00e9m disso, \u00e9 um dos cinco que ligam diretamente \u00e0 Catedral de Santiago de Compostela.<\/p>\n\n\n\n<figure class=\"wp-block-embed is-type-wp-embed is-provider-semanario-alto-minho wp-block-embed-semanario-alto-minho\"><div class=\"wp-block-embed__wrapper\">\n<blockquote class=\"wp-embedded-content\" data-secret=\"8YdVey6KwC\"><a href=\"https:\/\/www.altominho.com.pt\/2021\/04\/14\/lancados-dois-documentarios-sobre-o-caminho-de-braga-a-santiago-de-compostela\/\">Lan\u00e7ados dois document\u00e1rios sobre o caminho de Braga a Santiago de Compostela<\/a><\/blockquote><iframe loading=\"lazy\" class=\"wp-embedded-content\" sandbox=\"allow-scripts\" security=\"restricted\" style=\"position: absolute; clip: rect(1px, 1px, 1px, 1px);\" title=\"&#8220;Lan\u00e7ados dois document\u00e1rios sobre o caminho de Braga a Santiago de Compostela&#8221; &#8212; Seman\u00e1rio Alto Minho\" src=\"https:\/\/www.altominho.com.pt\/2021\/04\/14\/lancados-dois-documentarios-sobre-o-caminho-de-braga-a-santiago-de-compostela\/embed\/#?secret=Fl96G5qF0h#?secret=8YdVey6KwC\" data-secret=\"8YdVey6KwC\" width=\"500\" height=\"282\" frameborder=\"0\" marginwidth=\"0\" marginheight=\"0\" scrolling=\"no\"><\/iframe>\n<\/div><\/figure>\n","protected":false},"excerpt":{"rendered":"<p>O Governo Aut\u00f3nomo da Galiza apoiou a realiza\u00e7\u00e3o de dois document\u00e1rios sobre o Caminho da Geira e dos Arrieiros, que liga Braga a Santiago de Compostela na dist\u00e2ncia de 240 quil\u00f3metros, atrav\u00e9s do \u201cFundo de Projetos Culturais Jacobeu 2021\u201d.<\/p>\n","protected":false},"author":1,"featured_media":2868,"comment_status":"closed","ping_status":"open","sticky":false,"template":"","format":"standard","meta":{"_uag_custom_page_level_css":"","_genesis_hide_title":false,"_genesis_hide_breadcrumbs":false,"_genesis_hide_singular_image":false,"_genesis_hide_footer_widgets":false,"_genesis_custom_body_class":"","_genesis_custom_post_class":"","_genesis_layout":"","footnotes":""},"categories":[1,22,17],"tags":[],"class_list":{"0":"post-2866","1":"post","2":"type-post","3":"status-publish","4":"format-standard","5":"has-post-thumbnail","7":"category-peregrinos-camino-xacobeo-geira-romana-arrieiros","8":"category-novedades-2021","9":"category-videos-imagenes-caminho-santiago","10":"entry"},"uagb_featured_image_src":{"full":["https:\/\/www.debragaasantiago.com\/geira-arrieiros\/alquiler\/worlddrone-balndeario-os-banos-lobios.jpg",1080,658,false],"thumbnail":["https:\/\/www.debragaasantiago.com\/geira-arrieiros\/alquiler\/worlddrone-balndeario-os-banos-lobios-150x150.jpg",150,150,true],"medium":["https:\/\/www.debragaasantiago.com\/geira-arrieiros\/alquiler\/worlddrone-balndeario-os-banos-lobios-300x183.jpg",300,183,true],"medium_large":["https:\/\/www.debragaasantiago.com\/geira-arrieiros\/alquiler\/worlddrone-balndeario-os-banos-lobios-768x468.jpg",768,468,true],"large":["https:\/\/www.debragaasantiago.com\/geira-arrieiros\/alquiler\/worlddrone-balndeario-os-banos-lobios-1024x624.jpg",1024,624,true],"1536x1536":["https:\/\/www.debragaasantiago.com\/geira-arrieiros\/alquiler\/worlddrone-balndeario-os-banos-lobios.jpg",1080,658,false],"2048x2048":["https:\/\/www.debragaasantiago.com\/geira-arrieiros\/alquiler\/worlddrone-balndeario-os-banos-lobios.jpg",1080,658,false],"Blog Thumbnail":["https:\/\/www.debragaasantiago.com\/geira-arrieiros\/alquiler\/worlddrone-balndeario-os-banos-lobios-198x198.jpg",198,198,true],"store":["https:\/\/www.debragaasantiago.com\/geira-arrieiros\/alquiler\/worlddrone-balndeario-os-banos-lobios-420x256.jpg",420,256,true]},"uagb_author_info":{"display_name":"Pilgrim","author_link":"https:\/\/www.debragaasantiago.com\/geira-arrieiros\/author\/gral\/"},"uagb_comment_info":0,"uagb_excerpt":"O Governo Aut\u00f3nomo da Galiza apoiou a realiza\u00e7\u00e3o de dois document\u00e1rios sobre o Caminho da Geira e dos Arrieiros, que liga Braga a Santiago de Compostela na dist\u00e2ncia de 240 quil\u00f3metros, atrav\u00e9s do \u201cFundo de Projetos Culturais Jacobeu 2021\u201d.","_links":{"self":[{"href":"https:\/\/www.debragaasantiago.com\/geira-arrieiros\/wp-json\/wp\/v2\/posts\/2866","targetHints":{"allow":["GET"]}}],"collection":[{"href":"https:\/\/www.debragaasantiago.com\/geira-arrieiros\/wp-json\/wp\/v2\/posts"}],"about":[{"href":"https:\/\/www.debragaasantiago.com\/geira-arrieiros\/wp-json\/wp\/v2\/types\/post"}],"author":[{"embeddable":true,"href":"https:\/\/www.debragaasantiago.com\/geira-arrieiros\/wp-json\/wp\/v2\/users\/1"}],"replies":[{"embeddable":true,"href":"https:\/\/www.debragaasantiago.com\/geira-arrieiros\/wp-json\/wp\/v2\/comments?post=2866"}],"version-history":[{"count":3,"href":"https:\/\/www.debragaasantiago.com\/geira-arrieiros\/wp-json\/wp\/v2\/posts\/2866\/revisions"}],"predecessor-version":[{"id":2872,"href":"https:\/\/www.debragaasantiago.com\/geira-arrieiros\/wp-json\/wp\/v2\/posts\/2866\/revisions\/2872"}],"wp:featuredmedia":[{"embeddable":true,"href":"https:\/\/www.debragaasantiago.com\/geira-arrieiros\/wp-json\/wp\/v2\/media\/2868"}],"wp:attachment":[{"href":"https:\/\/www.debragaasantiago.com\/geira-arrieiros\/wp-json\/wp\/v2\/media?parent=2866"}],"wp:term":[{"taxonomy":"category","embeddable":true,"href":"https:\/\/www.debragaasantiago.com\/geira-arrieiros\/wp-json\/wp\/v2\/categories?post=2866"},{"taxonomy":"post_tag","embeddable":true,"href":"https:\/\/www.debragaasantiago.com\/geira-arrieiros\/wp-json\/wp\/v2\/tags?post=2866"}],"curies":[{"name":"wp","href":"https:\/\/api.w.org\/{rel}","templated":true}]}}