{"id":1863,"date":"2020-08-11T16:56:53","date_gmt":"2020-08-11T14:56:53","guid":{"rendered":"https:\/\/www.debragaasantiago.com\/geira-arrieiros\/?p=1863"},"modified":"2022-01-05T12:45:21","modified_gmt":"2022-01-05T11:45:21","slug":"el-camino-da-geira-el-viaje-de-nuestra-vida","status":"publish","type":"post","link":"https:\/\/www.debragaasantiago.com\/geira-arrieiros\/el-camino-da-geira-el-viaje-de-nuestra-vida\/","title":{"rendered":"El Cami\u00f1o da Geira, el \u00abviaje de nuestra vida\u00bb"},"content":{"rendered":"\n<p><strong>Joaqu\u00edn<\/strong> Peixoto es entrenador de taekwondo en Braga y ha viajado por todo el mundo. Hasta por China, Singapur y Kazajist\u00e1n. Pero nunca hab\u00eda sentido lo que est\u00e1 sintiendo desde el 1 de agosto recorriendo el Cami\u00f1o da Geira e dos Arrieiros entre Braga y Santiago con su mujer, <strong>Vera<\/strong>. En la noche del s\u00e1bado alcanzaron Codeseda y ayer, mientras se encaminaban hacia Pontevea para pernoctar en el camping de A Pra\u00ed\u00f1a, afirmaba con rotundidad que este \u00abes el viaje de nuestra vida\u00bb.<!--more--><\/p>\n<p>Llevan 27 a\u00f1os casados m\u00e1s 5 de noviazgo pero desde que naci\u00f3 su hija, hace ya 17, no hab\u00edan vuelto a estar solos. Desde hace un par de a\u00f1os, a \u00e9l le apetec\u00eda completar un camino a Santiago. No sab\u00eda cu\u00e1l. Pero la recomendaci\u00f3n de su amigo Ricardo Rocha -que complet\u00f3 el Cami\u00f1o da Geira recientemente- le hizo decidirse. Joaqu\u00edn iba a venir solo. Pero cuatro d\u00edas antes de partir, Vera le confirm\u00f3 que quer\u00eda acompa\u00f1arle. Sab\u00edan que era un camino duro pero ella es profesora de fitness. Joaqu\u00edn afirma que es \u00e9l quien est\u00e1 en peor forma, por la cuarentena. Hasta esta, apunta, ha tenido para \u00e9l su lado positivo La adaptaci\u00f3n a la nueva realidad y su mayor contacto con la familia le permiti\u00f3, por ejemplo, conocer m\u00e1s a su hija. Esta asume estos d\u00edas m\u00e1s responsabilidad, cuidando de los animales de la familia. Y les sorprendi\u00f3 durante el viaje: en su examen nacional de espa\u00f1ol obtuvo un 20, la m\u00e1xima nota.<\/p>\n<div id=\"attachment_8538\" style=\"width: 936px\" class=\"wp-caption aligncenter\"><img loading=\"lazy\" decoding=\"async\" aria-describedby=\"caption-attachment-8538\" class=\"size-full wp-image-8538\" src=\"http:\/\/codeseda.com\/galicia\/peregrinos-codeseda-braga-vera-joaquim.jpg\" alt=\"\" width=\"926\" height=\"659\" \/><p id=\"caption-attachment-8538\" class=\"wp-caption-text\">Vera y Joaqu\u00edn Peixoto con Maricarmen en Codeseda<\/p><\/div>\n<p>Sus padres arrastran el dolor por la muerte a causa de un c\u00e1ncer del padre de Vera. Ayer hubiera cumplido a\u00f1os. Por eso, para ambos fue un d\u00eda muy especial. Pero, m\u00e1s all\u00e1 de ello, subrayan que el duro aunque bell\u00edsimo Cami\u00f1o da Geira tiene un valor \u00abterap\u00e9utico\u00bb . Da tiempo para reencontrarse con uno mismo y para pensar mientras se disfruta de sus impresionantes paisajes y patrimonio. A pesar de los 42 grados bajo los que caminaron alg\u00fan d\u00eda. Les ha permitido descubrir \u00abgente buena y encantadora\u00bb, que les devuelve la fe en la humanidad. \u00abYo pensaba que ya no quedaba gente as\u00ed\u00bb, afirma, impresionado, por ejemplo, con el cari\u00f1o con el que Mari Carmen Gaspar del bar Caminho da Geira les recibi\u00f3 en Codeseda. Hoy esperan llegar a Santiago. Recomiendan recorrer el Cami\u00f1o da Geira a quien tenga buena forma f\u00edsica. Es un camino que \u00abhace milagros\u00bb, aseguran.<\/p>\n<p><a href=\"https:\/\/www.farodevigo.es\/portada-deza-tabeiros-montes\/2020\/08\/10\/camino-da-geira-viaje-vida\/2324841.html\" target=\"_blank\" rel=\"nofollow noopener noreferrer\">Noticia de Faro de Vigo 2020 08 10<\/a><\/p>\n","protected":false},"excerpt":{"rendered":"<p>Joaqu\u00edn Peixoto es entrenador de taekwondo en Braga y ha viajado por todo el mundo. Hasta por China, Singapur y Kazajist\u00e1n. Pero nunca hab\u00eda sentido lo que est\u00e1 sintiendo desde el 1 de agosto recorriendo el Cami\u00f1o da Geira e dos Arrieiros entre Braga y Santiago con su mujer, Vera. En la noche del s\u00e1bado alcanzaron Codeseda y ayer, mientras se encaminaban hacia Pontevea para pernoctar en el camping de A Pra\u00ed\u00f1a, afirmaba con rotundidad que este \u00abes el viaje de nuestra vida\u00bb.<\/p>\n","protected":false},"author":1,"featured_media":0,"comment_status":"closed","ping_status":"open","sticky":false,"template":"","format":"standard","meta":{"_uag_custom_page_level_css":"","_genesis_hide_title":false,"_genesis_hide_breadcrumbs":false,"_genesis_hide_singular_image":false,"_genesis_hide_footer_widgets":false,"_genesis_custom_body_class":"","_genesis_custom_post_class":"","_genesis_layout":"","footnotes":""},"categories":[1,19,10],"tags":[],"class_list":{"0":"post-1863","1":"post","2":"type-post","3":"status-publish","4":"format-standard","6":"category-peregrinos-camino-xacobeo-geira-romana-arrieiros","7":"category-novedades-2020","8":"category-peregrinos-camino-santiago-relatos","9":"entry"},"uagb_featured_image_src":{"full":false,"thumbnail":false,"medium":false,"medium_large":false,"large":false,"1536x1536":false,"2048x2048":false,"Blog Thumbnail":false,"store":false},"uagb_author_info":{"display_name":"Pilgrim","author_link":"https:\/\/www.debragaasantiago.com\/geira-arrieiros\/author\/gral\/"},"uagb_comment_info":0,"uagb_excerpt":"Joaqu\u00edn Peixoto es entrenador de taekwondo en Braga y ha viajado por todo el mundo. Hasta por China, Singapur y Kazajist\u00e1n. Pero nunca hab\u00eda sentido lo que est\u00e1 sintiendo desde el 1 de agosto recorriendo el Cami\u00f1o da Geira e dos Arrieiros entre Braga y Santiago con su mujer, Vera. En la noche del s\u00e1bado&hellip;","_links":{"self":[{"href":"https:\/\/www.debragaasantiago.com\/geira-arrieiros\/wp-json\/wp\/v2\/posts\/1863","targetHints":{"allow":["GET"]}}],"collection":[{"href":"https:\/\/www.debragaasantiago.com\/geira-arrieiros\/wp-json\/wp\/v2\/posts"}],"about":[{"href":"https:\/\/www.debragaasantiago.com\/geira-arrieiros\/wp-json\/wp\/v2\/types\/post"}],"author":[{"embeddable":true,"href":"https:\/\/www.debragaasantiago.com\/geira-arrieiros\/wp-json\/wp\/v2\/users\/1"}],"replies":[{"embeddable":true,"href":"https:\/\/www.debragaasantiago.com\/geira-arrieiros\/wp-json\/wp\/v2\/comments?post=1863"}],"version-history":[{"count":1,"href":"https:\/\/www.debragaasantiago.com\/geira-arrieiros\/wp-json\/wp\/v2\/posts\/1863\/revisions"}],"predecessor-version":[{"id":1864,"href":"https:\/\/www.debragaasantiago.com\/geira-arrieiros\/wp-json\/wp\/v2\/posts\/1863\/revisions\/1864"}],"wp:attachment":[{"href":"https:\/\/www.debragaasantiago.com\/geira-arrieiros\/wp-json\/wp\/v2\/media?parent=1863"}],"wp:term":[{"taxonomy":"category","embeddable":true,"href":"https:\/\/www.debragaasantiago.com\/geira-arrieiros\/wp-json\/wp\/v2\/categories?post=1863"},{"taxonomy":"post_tag","embeddable":true,"href":"https:\/\/www.debragaasantiago.com\/geira-arrieiros\/wp-json\/wp\/v2\/tags?post=1863"}],"curies":[{"name":"wp","href":"https:\/\/api.w.org\/{rel}","templated":true}]}}