{"id":1767,"date":"2020-02-26T21:06:36","date_gmt":"2020-02-26T20:06:36","guid":{"rendered":"https:\/\/www.debragaasantiago.com\/geira-arrieiros\/?p=1767"},"modified":"2025-01-04T11:00:17","modified_gmt":"2025-01-04T10:00:17","slug":"caminho-braga-santiago-geira-romana-peregrinos","status":"publish","type":"post","link":"https:\/\/www.debragaasantiago.com\/geira-arrieiros\/caminho-braga-santiago-geira-romana-peregrinos\/","title":{"rendered":"Novo caminho liga Braga a Santiago pela Geira Romana e os Arrieiros"},"content":{"rendered":"<p><strong>Reconhecido pelo Cabido da Catedral de Santiago em 2019, o caminho liga Braga \u00e0 capital da Galiza, numa dist\u00e2ncia de 240 quil\u00f3metros. A associa\u00e7\u00e3o galega \u2018Codeseda Viva\u2019 apresentou documenta\u00e7\u00e3o hist\u00f3rica que indica a sua exist\u00eancia desde o s\u00e9c. XV.<\/strong><\/p>\n<p>S\u00e3o cada vez mais os peregrinos que escolhem o <strong>Caminho da Geira e dos Arrieiros<\/strong> para peregrinar a Santiago de Compostela. Este \u00e9 um caminho cuja hist\u00f3ria e utiliza\u00e7\u00e3o nos remete para o s\u00e9culo XV, mas que s\u00f3 em Mar\u00e7o de 2019 foi reconhecido como itiner\u00e1rio de peregrina\u00e7\u00e3o jacobeia pelo Cabido da Catedral de Santiago. Foi a partir desta data que este novo caminho passou a integrar as estat\u00edsticas oficiais de atribui\u00e7\u00e3o da Compostela, documento que \u00e9 emitido a quem complete o Caminho de Santiago.<span class=\"_3oh- _58nk\"><!--more--><\/span><\/p>\n<p>S\u00e3o 240 os quil\u00f3metros que separam Braga e Santiago de Compostela, um caminho carregado de hist\u00f3ria cultural e paisag\u00edstica que, no percurso portugu\u00eas, inicia em Braga seguindo por Caldelas, Terras de Bouro, Ger\u00eas, Portela do Homem para depois seguir por terras galegas, nomeadamente Lobios e Entrimo e novamente entrar em terras nacionais, nomeadamente em Castro Laboreiro.<\/p>\n<p>Os \u00faltimos 92 quil\u00f3metros correspondem \u00e0 principal rota seguida pelos antigos transportadores de vinho de Ribeiro at\u00e9 Compostela, conhecidos como Arrieiros.<\/p>\n<p>A Associaci\u00f3n Galega do Concelho da Estrada, a \u2018<strong>Codeseda Viva<\/strong>\u2019, apresentou ontem formalmente, no \u00e2mbito das <strong>Converg\u00eancias Portugal &#8211; Galiza<\/strong>, o caminho agora reconhecido pela Igreja e que tem visto crescer os n\u00famero de peregrinos nos \u00faltimos anos.<img loading=\"lazy\" decoding=\"async\" class=\"aligncenter size-full wp-image-1768\" src=\"https:\/\/www.debragaasantiago.com\/geira-arrieiros\/alquiler\/braga-peregrinos-santiago-camara-caminho-geira.jpg\" alt=\"\" width=\"800\" height=\"533\" srcset=\"https:\/\/www.debragaasantiago.com\/geira-arrieiros\/alquiler\/braga-peregrinos-santiago-camara-caminho-geira.jpg 800w, https:\/\/www.debragaasantiago.com\/geira-arrieiros\/alquiler\/braga-peregrinos-santiago-camara-caminho-geira-300x200.jpg 300w, https:\/\/www.debragaasantiago.com\/geira-arrieiros\/alquiler\/braga-peregrinos-santiago-camara-caminho-geira-768x512.jpg 768w, https:\/\/www.debragaasantiago.com\/geira-arrieiros\/alquiler\/braga-peregrinos-santiago-camara-caminho-geira-399x266.jpg 399w\" sizes=\"auto, (max-width: 800px) 100vw, 800px\" \/><\/p>\n<p>Carlos Da Barreira, da \u2018Codeseda Viva\u2019, revela que at\u00e9 ao Ver\u00e3o dever\u00e1 estar conclu\u00eddo o processo de sinaliza\u00e7\u00e3o do caminho que est\u00e1 somente sinalizado at\u00e9 Caldelas, do lado portugu\u00eas, e nos \u00faltimos 40 quil\u00f3metros em territ\u00f3rio espanhol.<br \/>\nO respons\u00e1vel adianta tamb\u00e9m que o percurso compreendido entre Castro Laboreiro e Cortegada n\u00e3o tem estruturas de apoio aos peregrinos, existindo apenas um caf\u00e9 instalado. Pede, por isso, aos peregrinos que se precaverem nestes 28, km de caminhada.<\/p>\n<p>Jorge Fern\u00e9ndez, tamb\u00e9m da associa\u00e7\u00e3o espanhola \u2018Codeseda Viva\u2019, descreveu todo o levantamento hist\u00f3rico que foi levado a cabo desde 2014 e que permitiu ao Cabido da Catedral de Santiago reconhecer este caminho como um itiner\u00e1rio de peregrina\u00e7\u00e3o jacobeia. S\u00e3o documentos e escritos hist\u00f3ricos de \u201cgrande relev\u00e2ncia\u201d que fundamentam que este era j\u00e1 um caminho utilizado pelos peregrinos desde o s\u00e9culo XV. O respons\u00e1vel frisou a riqueza hist\u00f3rica e arquitect\u00f3nica que este percurso encerra, traduzida por um conjunto de monumentos que se podem encontrar ao longo do caminho e que constituem, ao mesmo tempo, provas vivas de percurso que assumiu um importante valor na antiguidade neste \u00e2mbito.<br \/>\nAltino Bessa, vereador do Turismo da C\u00e2mara de Braga, diz que dos caminhos que nos conduzem a Santiago este \u00e9 \u201caquele que poder\u00e1 ter mais consist\u00eancia hist\u00f3rica porque remonta a seis s\u00e9culos de hist\u00f3ria\u201d.<\/p>\n<p><span style=\"font-size: 10pt;\"><a href=\"https:\/\/www.correiodominho.pt\/noticias\/novo-caminho-liga-braga-a-santiago-pela-geira-romana-e-os-arrieiros\/123144\" target=\"_blank\" rel=\"nofollow noopener\">https:\/\/www.correiodominho.pt\/noticias\/novo-caminho-liga-braga-a-santiago-pela-geira-romana-e-os-arrieiros\/123144<\/a><\/span><\/p>\n","protected":false},"excerpt":{"rendered":"<p>Reconhecido pelo Cabido da Catedral de Santiago em 2019, o caminho liga Braga \u00e0 capital da Galiza, numa dist\u00e2ncia de 240 quil\u00f3metros. A associa\u00e7\u00e3o galega \u2018Codeseda Viva\u2019 apresentou documenta\u00e7\u00e3o hist\u00f3rica que indica a sua exist\u00eancia desde o s\u00e9c. XV. S\u00e3o cada vez mais os peregrinos que escolhem o Caminho da Geira e dos Arrieiros para peregrinar a Santiago de Compostela. Este \u00e9 um caminho cuja hist\u00f3ria e utiliza\u00e7\u00e3o nos remete para o s\u00e9culo XV, mas que s\u00f3 em Mar\u00e7o de 2019 foi reconhecido como itiner\u00e1rio <span class=\"more-link\"><a href=\"https:\/\/www.debragaasantiago.com\/geira-arrieiros\/caminho-braga-santiago-geira-romana-peregrinos\/\" rel=\"nofollow\">Read More<\/a><\/span><\/p>\n","protected":false},"author":1,"featured_media":1768,"comment_status":"closed","ping_status":"open","sticky":false,"template":"","format":"standard","meta":{"_uag_custom_page_level_css":"","_genesis_hide_title":false,"_genesis_hide_breadcrumbs":false,"_genesis_hide_singular_image":false,"_genesis_hide_footer_widgets":false,"_genesis_custom_body_class":"","_genesis_custom_post_class":"","_genesis_layout":"","footnotes":""},"categories":[1,19,27],"tags":[],"class_list":{"0":"post-1767","1":"post","2":"type-post","3":"status-publish","4":"format-standard","5":"has-post-thumbnail","7":"category-peregrinos-camino-xacobeo-geira-romana-arrieiros","8":"category-novedades-2020","9":"category-prensa-e-publicacions","10":"entry"},"uagb_featured_image_src":{"full":["https:\/\/www.debragaasantiago.com\/geira-arrieiros\/alquiler\/braga-peregrinos-santiago-camara-caminho-geira.jpg",800,533,false],"thumbnail":["https:\/\/www.debragaasantiago.com\/geira-arrieiros\/alquiler\/braga-peregrinos-santiago-camara-caminho-geira-150x150.jpg",150,150,true],"medium":["https:\/\/www.debragaasantiago.com\/geira-arrieiros\/alquiler\/braga-peregrinos-santiago-camara-caminho-geira-300x200.jpg",300,200,true],"medium_large":["https:\/\/www.debragaasantiago.com\/geira-arrieiros\/alquiler\/braga-peregrinos-santiago-camara-caminho-geira-768x512.jpg",768,512,true],"large":["https:\/\/www.debragaasantiago.com\/geira-arrieiros\/alquiler\/braga-peregrinos-santiago-camara-caminho-geira.jpg",800,533,false],"1536x1536":["https:\/\/www.debragaasantiago.com\/geira-arrieiros\/alquiler\/braga-peregrinos-santiago-camara-caminho-geira.jpg",800,533,false],"2048x2048":["https:\/\/www.debragaasantiago.com\/geira-arrieiros\/alquiler\/braga-peregrinos-santiago-camara-caminho-geira.jpg",800,533,false],"Blog Thumbnail":["https:\/\/www.debragaasantiago.com\/geira-arrieiros\/alquiler\/braga-peregrinos-santiago-camara-caminho-geira-198x198.jpg",198,198,true],"store":["https:\/\/www.debragaasantiago.com\/geira-arrieiros\/alquiler\/braga-peregrinos-santiago-camara-caminho-geira-399x266.jpg",399,266,true]},"uagb_author_info":{"display_name":"Pilgrim","author_link":"https:\/\/www.debragaasantiago.com\/geira-arrieiros\/author\/gral\/"},"uagb_comment_info":0,"uagb_excerpt":"Reconhecido pelo Cabido da Catedral de Santiago em 2019, o caminho liga Braga \u00e0 capital da Galiza, numa dist\u00e2ncia de 240 quil\u00f3metros. A associa\u00e7\u00e3o galega \u2018Codeseda Viva\u2019 apresentou documenta\u00e7\u00e3o hist\u00f3rica que indica a sua exist\u00eancia desde o s\u00e9c. XV. S\u00e3o cada vez mais os peregrinos que escolhem o Caminho da Geira e dos Arrieiros para&hellip;","_links":{"self":[{"href":"https:\/\/www.debragaasantiago.com\/geira-arrieiros\/wp-json\/wp\/v2\/posts\/1767","targetHints":{"allow":["GET"]}}],"collection":[{"href":"https:\/\/www.debragaasantiago.com\/geira-arrieiros\/wp-json\/wp\/v2\/posts"}],"about":[{"href":"https:\/\/www.debragaasantiago.com\/geira-arrieiros\/wp-json\/wp\/v2\/types\/post"}],"author":[{"embeddable":true,"href":"https:\/\/www.debragaasantiago.com\/geira-arrieiros\/wp-json\/wp\/v2\/users\/1"}],"replies":[{"embeddable":true,"href":"https:\/\/www.debragaasantiago.com\/geira-arrieiros\/wp-json\/wp\/v2\/comments?post=1767"}],"version-history":[{"count":3,"href":"https:\/\/www.debragaasantiago.com\/geira-arrieiros\/wp-json\/wp\/v2\/posts\/1767\/revisions"}],"predecessor-version":[{"id":1772,"href":"https:\/\/www.debragaasantiago.com\/geira-arrieiros\/wp-json\/wp\/v2\/posts\/1767\/revisions\/1772"}],"wp:featuredmedia":[{"embeddable":true,"href":"https:\/\/www.debragaasantiago.com\/geira-arrieiros\/wp-json\/wp\/v2\/media\/1768"}],"wp:attachment":[{"href":"https:\/\/www.debragaasantiago.com\/geira-arrieiros\/wp-json\/wp\/v2\/media?parent=1767"}],"wp:term":[{"taxonomy":"category","embeddable":true,"href":"https:\/\/www.debragaasantiago.com\/geira-arrieiros\/wp-json\/wp\/v2\/categories?post=1767"},{"taxonomy":"post_tag","embeddable":true,"href":"https:\/\/www.debragaasantiago.com\/geira-arrieiros\/wp-json\/wp\/v2\/tags?post=1767"}],"curies":[{"name":"wp","href":"https:\/\/api.w.org\/{rel}","templated":true}]}}